{"id":186012,"date":"2026-05-24T15:59:11","date_gmt":"2026-05-24T15:59:11","guid":{"rendered":"https:\/\/www.europesays.com\/ee\/186012\/"},"modified":"2026-05-24T15:59:11","modified_gmt":"2026-05-24T15:59:11","slug":"liisi-koikson-keerulisest-eluperioodist-hakkasin-ara-kaotama-seda-milles-ma-hea-olen-2","status":"publish","type":"post","link":"https:\/\/www.europesays.com\/ee\/186012\/","title":{"rendered":"Liisi Koikson keerulisest eluperioodist: hakkasin \u00e4ra kaotama seda, milles ma hea olen"},"content":{"rendered":"<p>Saatejuht <a rel=\"noopener nofollow\" target=\"_blank\" href=\"https:\/\/www.delfi.ee\/teema\/1111\/anu-valba\" tag-id=\"1111\">Anu V\u00e4lba<\/a> tegi juttu laulja ja muusiku Liisi Koiksoniga, kes kirjutab uut muusikat ja annab aasta l\u00f5pus v\u00e4lja uue plaadi. Saates r\u00e4\u00e4kis ta, et muusikuellu tekkis paus, kuna argip\u00e4eva toimetused v\u00f5tsid tema kulgemise \u00fcle.<\/p>\n<p>\u201eOlen lapsi s\u00fcnnitanud ja kasvatanud,\u201c kommenteeris ta oma vahepealseid tegemisi. Liisi peres kasvavad kaks t\u00fctart: suurem laps Ella on 9-aastane ja v\u00e4iksem laps Julia on 5-aastane. Veel on ta v\u00f5tnud oma perre koera Leo. \u201eSellised maised kohustused on \u00fcle v\u00f5tnud. Ma tunnen, et see kunstnik minus natuke kisendab seda, et kus mina saan olla,\u201c r\u00e4\u00e4kis ta.<\/p>\n<p>Oled juba tellija?Logi sisse<\/p>\n<p><a href=\"https:\/\/kroonika.delfi.ee\/artikkel\/120585930\/liisi-koikson-tundis-et-argielu-toimetustes-katkeb-tema-side-muusikaga-kunstnik-minus-hakkas-kisendama\/kommentaarid\" class=\"article-body-bottom__comment article-body-bottom__comment--write button button--primary button--size-auto\" rel=\"nofollow noopener\" target=\"_blank\"> Kommenteeri <\/a><a href=\"https:\/\/kroonika.delfi.ee\/artikkel\/120585930\/liisi-koikson-tundis-et-argielu-toimetustes-katkeb-tema-side-muusikaga-kunstnik-minus-hakkas-kisendama\/kommentaarid\" class=\"article-body-bottom__comment article-body-bottom__comment--read button button--size-auto\" rel=\"nofollow noopener\" target=\"_blank\"> Loe kommentaare (1)<\/a><\/p>\n","protected":false},"excerpt":{"rendered":"Saatejuht Anu V\u00e4lba tegi juttu laulja ja muusiku Liisi Koiksoniga, kes kirjutab uut muusikat ja annab aasta l\u00f5pus&hellip;\n","protected":false},"author":2,"featured_media":185858,"comment_status":"","ping_status":"","sticky":false,"template":"","format":"standard","meta":{"footnotes":"","_share_on_mastodon":"0"},"categories":[16],"tags":[1388,37,33,35,173,34,36,6283,140],"class_list":["post-186012","post","type-post","status-publish","format-standard","has-post-thumbnail","category-meelelahutus","tag-anu-valba","tag-ee","tag-eesti","tag-eesti-keel","tag-entertainment","tag-estonia","tag-estonian","tag-liisi-koikson","tag-meelelahutus"],"share_on_mastodon":{"url":"https:\/\/pubeurope.com\/@ee\/116630386435845245","error":""},"_links":{"self":[{"href":"https:\/\/www.europesays.com\/ee\/wp-json\/wp\/v2\/posts\/186012","targetHints":{"allow":["GET"]}}],"collection":[{"href":"https:\/\/www.europesays.com\/ee\/wp-json\/wp\/v2\/posts"}],"about":[{"href":"https:\/\/www.europesays.com\/ee\/wp-json\/wp\/v2\/types\/post"}],"author":[{"embeddable":true,"href":"https:\/\/www.europesays.com\/ee\/wp-json\/wp\/v2\/users\/2"}],"replies":[{"embeddable":true,"href":"https:\/\/www.europesays.com\/ee\/wp-json\/wp\/v2\/comments?post=186012"}],"version-history":[{"count":0,"href":"https:\/\/www.europesays.com\/ee\/wp-json\/wp\/v2\/posts\/186012\/revisions"}],"wp:featuredmedia":[{"embeddable":true,"href":"https:\/\/www.europesays.com\/ee\/wp-json\/wp\/v2\/media\/185858"}],"wp:attachment":[{"href":"https:\/\/www.europesays.com\/ee\/wp-json\/wp\/v2\/media?parent=186012"}],"wp:term":[{"taxonomy":"category","embeddable":true,"href":"https:\/\/www.europesays.com\/ee\/wp-json\/wp\/v2\/categories?post=186012"},{"taxonomy":"post_tag","embeddable":true,"href":"https:\/\/www.europesays.com\/ee\/wp-json\/wp\/v2\/tags?post=186012"}],"curies":[{"name":"wp","href":"https:\/\/api.w.org\/{rel}","templated":true}]}}