{"id":186045,"date":"2026-05-24T16:44:20","date_gmt":"2026-05-24T16:44:20","guid":{"rendered":"https:\/\/www.europesays.com\/ee\/186045\/"},"modified":"2026-05-24T16:44:20","modified_gmt":"2026-05-24T16:44:20","slug":"kane-kergitas-saksamaa-karikafinaalis-kubarat-ja-liitus-eksklusiivse-klubiga-soccernet-ee","status":"publish","type":"post","link":"https:\/\/www.europesays.com\/ee\/186045\/","title":{"rendered":"Kane kergitas Saksamaa karikafinaalis k\u00fcbarat ja liitus eksklusiivse klubiga &#8211; Soccernet.ee"},"content":{"rendered":"<p><img decoding=\"async\" src=\"https:\/\/www.europesays.com\/ee\/wp-content\/uploads\/2026\/05\/1779567105.jpg\" alt=\"Harry Kane. Foto: Scanpix \/ Michael Kappeler \/ dpa \/ picture-alliance\"\/>&#13;\n<\/p>\n<p>M\u00fcncheni Bayern v\u00f5itis esimese Saksamaa karika p\u00e4rast 2020. aastat, alistades Berliini Ol\u00fcmpiastaadionil toimunud finaalis 3:0 Stuttgarti.<\/p>\n<p>M\u00e4ngu kangelaseks kerkis ei keegi muu Bayerni v\u00e4ravamasin Harry Kane, kes s\u00e4ras teisel poolajal k\u00fcbaratrikiga. Ta avas skoori 55. minutil, kui suunas Michael Olise tsenderduse viielt meetrilt peaga v\u00f5rku, lisas 80. minutil Luis Diaze s\u00f6\u00f6du j\u00e4rel teise ja vormistas 90+2. minutil penaltist l\u00f5ppseisu.&#13;\n<\/p>\n<p>Varem on k\u00fcbaratrikiga Saksamaa karikafinaalis hakkama saanud vaid Uwe Seeler 1963. aastal HSV, Roland Wohlfarth 1986. aastal Bayerni ja Robert Lewandowski 2012. aastal Dortmundi Borussia eest.&#13;\n<\/p>\n<blockquote class=\"twitter-tweet\"><p>&#13;<\/p>\n<p lang=\"de\" dir=\"ltr\">3 &#8211; Harry Kane ist der vierte Spieler, der in einem DFB-Pokalfinale drei Tore erzielt nach Uwe Seeler 1963 (HSV), Roland Wohlfarth 1986 (FC Bayern) und Robert Lewandowski 2012 (BVB). Erstmals gelang mit Kane einem Spieler dabei ein lupenreiner Hattrick. Geschichte. <a href=\"https:\/\/twitter.com\/hashtag\/FCBVFB?src=hash&amp;ref_src=twsrc%5Etfw\" rel=\"nofollow noopener\" target=\"_blank\">#FCBVFB<\/a> <a href=\"https:\/\/t.co\/4reWsPy6TE\" rel=\"nofollow\">pic.twitter.com\/4reWsPy6TE<\/a>&#13;<br \/>\n\u2014 OptaFranz (@OptaFranz) <a href=\"https:\/\/twitter.com\/OptaFranz\/status\/2058276178524262584?ref_src=twsrc%5Etfw\" rel=\"nofollow noopener\" target=\"_blank\">May 23, 2026<\/a><\/p>\n<\/blockquote>\n<p>Kane l\u00f5i sel karikahooajal kokku k\u00fcmme v\u00e4ravat, millest enamat on Saksamaal suutnud vaid legendaarne Gerd M\u00fcller. Lisaks sai Kane&#8217;ist kolmas m\u00e4ngija Dieter M\u00fclleri ja Dirk Kurtenbachi j\u00e4rel, kes on \u00fchel karikahooajal igas ringis \u2013 sealhulgas finaalis \u2013\u00a0v\u00e4hemalt \u00fche v\u00e4rava l\u00f6\u00f6nud.&#13;\n<\/p>\n<p>K\u00f5ikide sarjade peale kokku j\u00e4i Kane&#8217;i arvele l\u00f5ppenud hooajal 51 m\u00e4nguga 61 v\u00e4ravat &#8211; 36 Saksamaa k\u00f5rgliigas, 14 Meistrite liigas, 10 Saksamaa karikas ja 1 Saksamaa superkarikas. Eelmistel hooaegadel piirdus inglane Saksamaal &#8220;vaid&#8221; 44 ja 41 v\u00e4ravaga.<\/p>\n<p>Bayern l\u00f5petas hooaja kolme tiitliga, sest augustis v\u00f5ideti Saksamaa superkarikas, aprillis kindlustati Saksamaa meistritiitel ja n\u00fc\u00fcd v\u00f5ideti Saksamaa karikas. Meistrite liigas j\u00f5uti poolfinaali, kus kaotati Pariisi Saint-Germainile.&#13;\n<\/p>\n<p>Bayerni eelmine karikav\u00f5it oli 2020. aastal, misj\u00e4rel olid korra v\u00f5idukad Dortmundi Borussia, Leverkuseni Bayer, Stuttgart ja kaks korda Leipzig. Kokku on Bayern v\u00f5itnud karikav\u00f5istlused rekordilised 21 korda.&#13;\n<\/p>\n<p>M\u00fcncheni Bayern &#8211; Stuttgart 3:0 (0:0)<br \/>&#13;<br \/>\n55., 80., 90+2. Harry Kane&#13;\n<\/p>\n<p>          <script async src=\"https:\/\/platform.twitter.com\/widgets.js\" charset=\"utf-8\"><\/script><\/p>\n","protected":false},"excerpt":{"rendered":"&#13; M\u00fcncheni Bayern v\u00f5itis esimese Saksamaa karika p\u00e4rast 2020. aastat, alistades Berliini Ol\u00fcmpiastaadionil toimunud finaalis 3:0 Stuttgarti. M\u00e4ngu&hellip;\n","protected":false},"author":2,"featured_media":186046,"comment_status":"","ping_status":"","sticky":false,"template":"","format":"standard","meta":{"footnotes":"","_share_on_mastodon":"0"},"categories":[18],"tags":[525,37,33,35,34,36,530,535,538,51,15781,159,158,1003],"class_list":["post-186045","post","type-post","status-publish","format-standard","has-post-thumbnail","category-sport","tag-bayern","tag-ee","tag-eesti","tag-eesti-keel","tag-estonia","tag-estonian","tag-harry-kane","tag-kane","tag-muncheni-bayern","tag-saksamaa","tag-saksamaa-karikas","tag-sport","tag-sports","tag-stuttgart"],"share_on_mastodon":{"url":"https:\/\/pubeurope.com\/@ee\/116630563504031451","error":""},"_links":{"self":[{"href":"https:\/\/www.europesays.com\/ee\/wp-json\/wp\/v2\/posts\/186045","targetHints":{"allow":["GET"]}}],"collection":[{"href":"https:\/\/www.europesays.com\/ee\/wp-json\/wp\/v2\/posts"}],"about":[{"href":"https:\/\/www.europesays.com\/ee\/wp-json\/wp\/v2\/types\/post"}],"author":[{"embeddable":true,"href":"https:\/\/www.europesays.com\/ee\/wp-json\/wp\/v2\/users\/2"}],"replies":[{"embeddable":true,"href":"https:\/\/www.europesays.com\/ee\/wp-json\/wp\/v2\/comments?post=186045"}],"version-history":[{"count":0,"href":"https:\/\/www.europesays.com\/ee\/wp-json\/wp\/v2\/posts\/186045\/revisions"}],"wp:featuredmedia":[{"embeddable":true,"href":"https:\/\/www.europesays.com\/ee\/wp-json\/wp\/v2\/media\/186046"}],"wp:attachment":[{"href":"https:\/\/www.europesays.com\/ee\/wp-json\/wp\/v2\/media?parent=186045"}],"wp:term":[{"taxonomy":"category","embeddable":true,"href":"https:\/\/www.europesays.com\/ee\/wp-json\/wp\/v2\/categories?post=186045"},{"taxonomy":"post_tag","embeddable":true,"href":"https:\/\/www.europesays.com\/ee\/wp-json\/wp\/v2\/tags?post=186045"}],"curies":[{"name":"wp","href":"https:\/\/api.w.org\/{rel}","templated":true}]}}