{"id":186071,"date":"2026-05-24T17:29:27","date_gmt":"2026-05-24T17:29:27","guid":{"rendered":"https:\/\/www.europesays.com\/ee\/186071\/"},"modified":"2026-05-24T17:29:27","modified_gmt":"2026-05-24T17:29:27","slug":"kas-ethereumile-1-miljardi-dollari-suurune-paasterahastus-arendaja-teeb-ettepaneku-luua-radikaalselt-uus-organisatsioon-eth-paastmiseks","status":"publish","type":"post","link":"https:\/\/www.europesays.com\/ee\/186071\/","title":{"rendered":"Kas Ethereumile 1 miljardi dollari suurune p\u00e4\u00e4sterahastus? Arendaja teeb ettepaneku luua radikaalselt uus organisatsioon ETH p\u00e4\u00e4stmiseks"},"content":{"rendered":"<p>Peamised j\u00e4reldused<\/p>\n<ul class=\"m-0 flex list-none flex-col gap-m pl-0\">\n<li class=\"m-0 flex items-start gap-s !text-[#434248]\">P\u00e4rast seda, kui 9 Ethereumi fondi lahkumist turge ehmatas, \u00fctleb Simon Dedic, et v\u00f5rgustik peab j\u00e4rgmisena keskenduma \u00e4ritegevusele.<\/li>\n<li class=\"m-0 flex items-start gap-s !text-[#434248]\">M\u00e4rkides \u00e4ra kahe aasta pikkust rahutust ETH tokenomika \u00fcmber, hoiatab Laura Shin, et v\u00f5rgustik peab j\u00e4rgmisena v\u00f5itlema turuosa eest.<\/li>\n<li class=\"m-0 flex items-start gap-s !text-[#434248]\">Juhtimise vaakumi taustal pakub Dankrad Feist v\u00e4lja 1 miljardi dollari suuruse alternatiivse r\u00fchma, et p\u00e4\u00e4sta Ethereumi turupositsioon.<\/li>\n<\/ul>\n<p> Ethereum ristteel: juhtimiskriis <\/p>\n<p>Teine suurim kr\u00fcptovaluuta projekt Ethereum on n\u00fc\u00fcd t\u00e4helepanu keskpunktis, kuna selle sihtasutus kaotas 9 silmapaistvat liidrit, mis on tekitanud arutelu organisatsiooni asjakohasuse \u00fcle t\u00e4nap\u00e4eva d\u00fcnaamilises kr\u00fcptovaluuta keskkonnas.<\/p>\n<p>V\u00e4hemalt 9 juhi ja uurija lahkumine Ethereumi fondist on tekitanud kogukonnas muret organisatsiooni juhtimise puudumise p\u00e4rast, seades kahtluse alla selle rolli, kuna Ethereumi juhtimise ajastu on l\u00f5ppemas.<\/p>\n<p><img loading=\"lazy\" decoding=\"async\" class=\"aligncenter wp-image-816613\" src=\"https:\/\/www.europesays.com\/ee\/wp-content\/uploads\/2026\/05\/ethereumcrisis_nwmk-768x1376.png\" alt=\"\" width=\"1280\" height=\"2293\"\/><\/p>\n<p>Moonrock Capitali asutaja ja juhtiv partner ning Ethereumi varajane toetaja Simon Dedic <a href=\"https:\/\/x.com\/sjdedic\/status\/2058137246436327728?s=20\" target=\"_blank\" rel=\"noopener noreferrer nofollow\">m\u00e4rkis<\/a>, et ta ei saa ignoreerida selliste isikute lahkumist nagu Tim Beiko, Josh Stark, Barnab\u00e9 Monnot, Trent Van Epps ja Carl Beek, nimetades olukorda \u201ehoiatusm\u00e4rgiks\u201d.<\/p>\n<p>\u201eInfrastruktuuri ringi tormamine ja idealistlik cypherpunk-faas, kus m\u00fc\u00fcdi illusoorseid unistusi kr\u00fcptovaluutast, oli suurep\u00e4rane ja l\u00f5bus, kuid see on m\u00f6\u00f6das,\u201d j\u00e4reldas ta ning kritiseeris Ethereumi \u00e4rilise fookuse puudumist.<\/p>\n<p>Unchainedi podcasti saatejuht Laura Shin m\u00e4rkis samuti, et Ethereumi suutmatus arvestada ETH tokenomikaga uuendustega kahjustab <a href=\"https:\/\/news.bitcoin.com\/the-future-of-ethereum-in-a-meme-ultrasound-money\/\" rel=\"nofollow noopener\" target=\"_blank\">\u201eultraheli raha\u201c<\/a> narratiivi.<\/p>\n<p>\u201eKui peamiseks pakkumiseks saab ideoloogia\/kommunism ja raha\/tokenomics\/kapitalism j\u00e4etakse t\u00e4helepanuta, siis talupojad hakkavad m\u00e4ssama \u2013 nagu nad on seda juba kaks aastat teinud,\u201c <a href=\"https:\/\/x.com\/laurashin\/status\/2057436003216846877?s=20\" target=\"_blank\" rel=\"noopener noreferrer nofollow\">hindas<\/a> ta.<\/p>\n<p>Ta kritiseeris Ethereumi \u00f6kos\u00fcsteemi \u201eloorberitel puhkava\u201d suhtumist, kuna kr\u00fcptos\u00fcsteemides toimub praegu \u00e4ge v\u00f5itlus kasutuselev\u00f5tu ja turuosa p\u00e4rast.<\/p>\n<p>Ethereumi <a href=\"https:\/\/news.bitcoin.com\/what-is-eip-4844-a-look-at-proto-danksharding-and-its-effect-on-rollup-fees\/\" rel=\"nofollow noopener\" target=\"_blank\">arendaja<\/a> ja koost\u00f6\u00f6partner Dankrad Feist esitas ettepaneku p\u00e4\u00e4sta Ethereum, luues alternatiivse organisatsiooni, mis oleks majanduslikult Ethereumiga koosk\u00f5las. Sellel organisatsioonil oleks algkapitaliks v\u00e4hemalt 1 miljard dollarit, p\u00e4dev juht ja juhatus, mis tagaksid selle tegevuse vastutuse.<\/p>\n<p>See uus struktuur rahastaks end ise staking-preemiate ja juhtimisv\u00f5rgustiku kaudu, mis suudab rahastamise taset kohandada. \u201ePraegu on seda v\u00e4ga raske ette kujutada, aga ma arvan, et see on ainus viis (ja t\u00f5en\u00e4oliselt see ka juhtub, kuid konsensuse saavutamine v\u00f5ib v\u00f5tta kaua aega),\u201c <a href=\"https:\/\/x.com\/dankrad\/status\/2057441946616930799?s=20\" target=\"_blank\" rel=\"noopener noreferrer nofollow\">kuulutas<\/a> ta.<\/p>\n","protected":false},"excerpt":{"rendered":"Peamised j\u00e4reldused P\u00e4rast seda, kui 9 Ethereumi fondi lahkumist turge ehmatas, \u00fctleb Simon Dedic, et v\u00f5rgustik peab j\u00e4rgmisena&hellip;\n","protected":false},"author":2,"featured_media":186072,"comment_status":"","ping_status":"","sticky":false,"template":"","format":"standard","meta":{"footnotes":"","_share_on_mastodon":"0"},"categories":[14],"tags":[131,130,37,33,35,34,36,3002,81254],"class_list":["post-186071","post","type-post","status-publish","format-standard","has-post-thumbnail","category-ari","tag-ari","tag-business","tag-ee","tag-eesti","tag-eesti-keel","tag-estonia","tag-estonian","tag-ethereum-eth","tag-ethereum-foundation"],"share_on_mastodon":{"url":"https:\/\/pubeurope.com\/@ee\/116630740564206085","error":""},"_links":{"self":[{"href":"https:\/\/www.europesays.com\/ee\/wp-json\/wp\/v2\/posts\/186071","targetHints":{"allow":["GET"]}}],"collection":[{"href":"https:\/\/www.europesays.com\/ee\/wp-json\/wp\/v2\/posts"}],"about":[{"href":"https:\/\/www.europesays.com\/ee\/wp-json\/wp\/v2\/types\/post"}],"author":[{"embeddable":true,"href":"https:\/\/www.europesays.com\/ee\/wp-json\/wp\/v2\/users\/2"}],"replies":[{"embeddable":true,"href":"https:\/\/www.europesays.com\/ee\/wp-json\/wp\/v2\/comments?post=186071"}],"version-history":[{"count":0,"href":"https:\/\/www.europesays.com\/ee\/wp-json\/wp\/v2\/posts\/186071\/revisions"}],"wp:featuredmedia":[{"embeddable":true,"href":"https:\/\/www.europesays.com\/ee\/wp-json\/wp\/v2\/media\/186072"}],"wp:attachment":[{"href":"https:\/\/www.europesays.com\/ee\/wp-json\/wp\/v2\/media?parent=186071"}],"wp:term":[{"taxonomy":"category","embeddable":true,"href":"https:\/\/www.europesays.com\/ee\/wp-json\/wp\/v2\/categories?post=186071"},{"taxonomy":"post_tag","embeddable":true,"href":"https:\/\/www.europesays.com\/ee\/wp-json\/wp\/v2\/tags?post=186071"}],"curies":[{"name":"wp","href":"https:\/\/api.w.org\/{rel}","templated":true}]}}