{"id":186136,"date":"2026-05-24T19:23:17","date_gmt":"2026-05-24T19:23:17","guid":{"rendered":"https:\/\/www.europesays.com\/ee\/186136\/"},"modified":"2026-05-24T19:23:17","modified_gmt":"2026-05-24T19:23:17","slug":"ragbi-kogub-naiste-seas-populaarsust-eesti","status":"publish","type":"post","link":"https:\/\/www.europesays.com\/ee\/186136\/","title":{"rendered":"Ragbi kogub naiste seas populaarsust | Eesti"},"content":{"rendered":"<p>Kui neli aastat tagasi oli Eestis \u00fcks ragbinaine, siis n\u00fc\u00fcd on neid juba \u00fcle neljak\u00fcmne. Eelmisel n\u00e4dalavahetusel tegi oma deb\u00fc\u00fcdi Eesti naiste ragbikoondis, pidades maha tulise lahingu L\u00e4ti naistega. Naisi juhendab inglasest peatreener, endine profim\u00e4ngija Graham Smith, kes on viinud v\u00f5idule mitme riigi ragbinaised.<\/p>\n<p>ERR-i ajakirjanik Martha-Beryl Grauberg k\u00e4is ragbitrennis. Tiskre muruv\u00e4ljakul harjutasid teineteise k\u00f5rval s\u00f5bralikult kriketim\u00e4ngijad ja ragbim\u00e4ngijad. Ruumi jagus seal m\u00f5lemale.<\/p>\n<p>&#8220;Mul s\u00f5branna \u00fctles, et ta m\u00e4ngib. Ma olin t\u00e4iesti \u0161okeeritud, ma ei teadnud, et selline asi on Eestis. Naised m\u00e4ngivad, t\u00e4itsa kreisi. Tulin trenni vaatama, anti saapad ja olen siin j\u00e4tkuvalt, kaheksa kuud hiljem,&#8221; muljetas ragbim\u00e4ngija Agnes J\u00fcrison.<\/p>\n<p>Ragbim\u00e4ngija Laura Renke m\u00e4rkis, et v\u00e4ga m\u00f5nus on trennis k\u00e4ia. &#8220;T\u00fcdrukutel on oma meeskond ja me saame poiste vastu m\u00e4ngida. Hoopis parem on!&#8221; s\u00f5nas ta.<\/p>\n<p>&#8220;Meeste ja naiste f\u00fc\u00fcsis on erinev. Ma arvan, et feministidel oleks siin hea piiluda \u2013 ega ikka ei saa, kui tuleb suur sajakilone mees vastu, siis l\u00f5petad EMO-s,&#8221; m\u00e4rkis Agnes.<\/p>\n<p>Eesti naiste ragbikoondise peatreener Graham Smith r\u00e4\u00e4kis, et pidi Eestisse j\u00e4\u00e4me viieks kuuks, kuid n\u00fc\u00fcd on sellest saanud neli aastat.<\/p>\n<p>&#8220;Me ei ole v\u00e4ga head. 15-15 formaadis on meil keeruline, sest me oleme \u00fcks Euroopa v\u00e4iksemaid riike. Oluline ei ole kaotus. Kui sa alustad, siis on t\u00e4htis, kuidas sa arened. T\u00fcdrukud kaotasid (m\u00e4ngu L\u00e4tiga) suurelt, aga p\u00e4rast paari tekiila ja limoncello shot&#8217;i, olid nad p\u00e4ris \u00f5nnelikud,&#8221; s\u00f5nas Smith.<\/p>\n<p>Agnes r\u00e4\u00e4kis, et naisragbim\u00e4ngijaid on piisavalt, et p\u00e4riselt suures m\u00e4ngus osaleda.\u00a0 &#8220;See oli v\u00e4ga lahe hetk,&#8221; \u00fctles ta.\u00a0<\/p>\n<p>Laura r\u00f5hutas, et kuigi vastane v\u00f5itis m\u00e4ngu, siis naiskond v\u00f5itis omakorda, kuna m\u00e4ngis oma esimese m\u00e4ngu. &#8220;Paljude jaoks oli esimene 15-15 m\u00e4ng, ka minu jaoks. V\u00e4ljakule minna ja vaadata, et 15 t\u00fcdrukut on sul vastas ja n\u00fc\u00fcd on 80 minutit madistamist. See oli p\u00e4ris k\u00f5va enese\u00fcletus k\u00f5igile,&#8221; r\u00e4\u00e4kis ta.<\/p>\n<p>Mialeene Jahkne sai m\u00e4ngus l\u00e4tlaste vastu vigastada. &#8220;L\u00e4tlasel oli pall ja ta jooksis, ma tulin teiselt poolt. Kahjuks ma ei j\u00f5udnud piisavalt kiiresti madalale, et tackle&#8217;it teha, nii et ma jooksin talle vastu n\u00e4gu,&#8221; meenutas ta.<\/p>\n<p>Eesti ragbiliidu president Paul Davidson selgitas, et ragbi on ameerika jalgpallist erinev.\u00a0<\/p>\n<p>&#8220;Ta on natuke laiem ja pikem. Ameerika jalgpall on m\u00f5eldud etteviskamiseks ja sa hoiad seda \u00fche k\u00e4ega. Ragbipalli hoiad kahe k\u00e4ega. H\u00e4sti t\u00e4htis on seda mitte maha pillata. Palli kuju karistab sind. Ta on ettearvamatu. Kui keegi l\u00f6\u00f6b jalaga palli ja see p\u00f5rkab, siis v\u00f5ib see minna igas suunas,&#8221; r\u00e4\u00e4kis ta.<\/p>\n<p>&#8220;Kontakt, mis m\u00e4ngus tekib, on \u00fcpris agressiivne. Aga kohe, kui vile k\u00e4ib, sa l\u00e4hed ja surud k\u00e4tt, kallistad vastasmeeskonda, t\u00e4nad hea m\u00e4ngu eest. P\u00e4rast m\u00e4ngu l\u00e4hed koos v\u00e4lja, t\u00e4histad. Nagu m\u00f5lemad meeskonnas oleksid v\u00f5itnud,&#8221; \u00fctles Laura.<\/p>\n<p>\n\t\t\t\t\tAllikas:<br \/>\n\t\t\t\t\t&#8220;AK. N\u00e4dal&#8221;<\/p>\n","protected":false},"excerpt":{"rendered":"Kui neli aastat tagasi oli Eestis \u00fcks ragbinaine, siis n\u00fc\u00fcd on neid juba \u00fcle neljak\u00fcmne. Eelmisel n\u00e4dalavahetusel tegi&hellip;\n","protected":false},"author":2,"featured_media":186137,"comment_status":"","ping_status":"","sticky":false,"template":"","format":"standard","meta":{"footnotes":"","_share_on_mastodon":"0"},"categories":[80],"tags":[26,27,37,33,35,34,36,31,32,21,28,29,95,19,25,48975,159,23,24,11532,22,20,30,92,93,94],"class_list":["post-186136","post","type-post","status-publish","format-standard","has-post-thumbnail","category-maailm","tag-breaking-news","tag-breakingnews","tag-ee","tag-eesti","tag-eesti-keel","tag-estonia","tag-estonian","tag-featured-news","tag-featurednews","tag-headlines","tag-latest-news","tag-latestnews","tag-maailm","tag-news","tag-populaarseimad-lood","tag-ragbi","tag-sport","tag-top-stories","tag-topstories","tag-trenn","tag-uldised-uudised","tag-uudised","tag-viimased-uudised","tag-world","tag-world-news","tag-worldnews"],"share_on_mastodon":{"url":"https:\/\/pubeurope.com\/@ee\/116631188492553721","error":""},"_links":{"self":[{"href":"https:\/\/www.europesays.com\/ee\/wp-json\/wp\/v2\/posts\/186136","targetHints":{"allow":["GET"]}}],"collection":[{"href":"https:\/\/www.europesays.com\/ee\/wp-json\/wp\/v2\/posts"}],"about":[{"href":"https:\/\/www.europesays.com\/ee\/wp-json\/wp\/v2\/types\/post"}],"author":[{"embeddable":true,"href":"https:\/\/www.europesays.com\/ee\/wp-json\/wp\/v2\/users\/2"}],"replies":[{"embeddable":true,"href":"https:\/\/www.europesays.com\/ee\/wp-json\/wp\/v2\/comments?post=186136"}],"version-history":[{"count":0,"href":"https:\/\/www.europesays.com\/ee\/wp-json\/wp\/v2\/posts\/186136\/revisions"}],"wp:featuredmedia":[{"embeddable":true,"href":"https:\/\/www.europesays.com\/ee\/wp-json\/wp\/v2\/media\/186137"}],"wp:attachment":[{"href":"https:\/\/www.europesays.com\/ee\/wp-json\/wp\/v2\/media?parent=186136"}],"wp:term":[{"taxonomy":"category","embeddable":true,"href":"https:\/\/www.europesays.com\/ee\/wp-json\/wp\/v2\/categories?post=186136"},{"taxonomy":"post_tag","embeddable":true,"href":"https:\/\/www.europesays.com\/ee\/wp-json\/wp\/v2\/tags?post=186136"}],"curies":[{"name":"wp","href":"https:\/\/api.w.org\/{rel}","templated":true}]}}