{"id":186215,"date":"2026-05-24T23:40:54","date_gmt":"2026-05-24T23:40:54","guid":{"rendered":"https:\/\/www.europesays.com\/ee\/186215\/"},"modified":"2026-05-24T23:40:54","modified_gmt":"2026-05-24T23:40:54","slug":"lubatust-suurema-kiirusega-soitnud-elektritoukerattalt-kukkunud-laps-langes-koomasse-eesti-2","status":"publish","type":"post","link":"https:\/\/www.europesays.com\/ee\/186215\/","title":{"rendered":"Lubatust suurema kiirusega s\u00f5itnud elektrit\u00f5ukerattalt kukkunud laps langes koomasse | Eesti"},"content":{"rendered":"<p>Lapsevanem Pert Lombi t\u00fctar kukkus lubatust kiirema piirkiirusega s\u00f5itnud elektrit\u00f5ukerattalt nii halvasti, et langes koomasse. \u00d5nneks on laps n\u00fc\u00fcdseks taastumas. Politsei taotleb n\u00fc\u00fcd esimest korda lubatust kiiremini s\u00f5itvate kaherattaliste konfiskeerimist.<\/p>\n<p>Pert Lombi ja tema pere viimane n\u00e4dal on m\u00f6\u00f6dunud lastehaigla seinte vahel, j\u00e4lgides, kuidas \u00fcks lastest oma elu eest v\u00f5itleb. Esmasp\u00e4eval kukkus 12-aastane Elisabeth s\u00f5bralt laenatud t\u00f5ukerattaga nii raskelt, et langes mitmeks p\u00e4evaks koomasse. \u00d5nnetuse hetkel oli kiirus umbes 55 kilomeetrit tunnis ja neiul polnud kiivrit.<\/p>\n<p>&#8220;Me tegelikult ei teadnud, kas ta eluga \u00fcldse v\u00e4lja tuleb sellest. Ja kui ta tuleb eluga, siis millises seisus ta tuleb v\u00e4lja. Kas ta on t\u00e4ie m\u00f5istuse juures, kas ta jalad-k\u00e4ed liiguvad,&#8221; \u00fctles Lomp.<\/p>\n<p>N\u00fc\u00fcdseks saab isa aga juba naeratada.<\/p>\n<p>&#8220;Ma saan naeratada sellep\u00e4rast, et ta tegi t\u00e4na esimesed kuus-seitse sammu meil palatis ja taastumisel said torud k\u00fcljest \u00e4ra. K\u00fcll \u00fchest k\u00f5rvast kuulmisega on probleeme, mis t\u00e4na \u00f6\u00f6sel selgus, aga loodame, et see on ka m\u00f6\u00f6daminev,&#8221; selgitas Lomp.<\/p>\n<p>Enam kui sada lapsevanemat on Perdile juhtumi valguses kirjutanud, et isegi, kui plaanisid v\u00f5imsat kergliikurit soetada, siis n\u00fc\u00fcd j\u00e4\u00e4b masin ostmata.<\/p>\n<p>Internetis levib suur hulk videoid, kus alaealised s\u00f5idavad elektrilise t\u00f5ukerattaga keelatud kiirustel ja n\u00e4itavad uhkusega vigastusi, mis saadud kukkudes. Kuigi lubatud on s\u00f5ita 25 kilomeetrit tunnis, siis ka Eestis on populaarseks saanud t\u00f5ukerattad, mille kiirus on 50 ja enam. Sel videol demonstreerib noor, kuidas s\u00f5idab 97 kilomeetrit tunnis.<\/p>\n<p>&#8220;Neid keelatud s\u00f5iduvahendeid liikluses on j\u00e4rjest rohkem ja muret tekitav on just see, et nende keelatud s\u00f5iduvahenditega liiklevad meil alaealised,&#8221; \u00fctles P\u00f5hja prefektuuri liiklusj\u00e4relevalve juht Sirle Loigo.<\/p>\n<p>&#8220;Aktuaalsele kaamerale&#8221; r\u00e4\u00e4kisid noored, et tajuvad, kuidas politsei on nad sihikule v\u00f5tnud. Adrenaliin, mida s\u00f5idust saab ja mida politsei t\u00e4helepanu annab, muudavadki kogemuse p\u00f5nevaks. Peamiselt suhtlusplatvormil Telegram jagatakse omavahel infot, kui kuskil m\u00f5ni reid toimub.<\/p>\n<p>J\u00e4relevalvet teeb politsei n\u00e4iteks koolide \u00fcmbruses. Seni pole m\u00f6\u00f6dunud \u00fchtki reidi, kus m\u00f5nd liikluses keelatud s\u00f5idukit poleks avastatud. Praegu saab politsei t\u00f5ukerattaid vaid ajutiselt enda valdusesse v\u00f5tta ning karistada lapsevanemaid rahatrahviga. Niisugune praktika v\u00f5ib peagi muutuda.<\/p>\n<p>&#8220;Me oleme siis praegusel hetkel taotlemas kohtust kahe sellise s\u00f5iduvahendi konfiskeerimist. Millised saavad olema tulemused ja kui edukad me selles oleme, seda me t\u00e4na veel ei oska hinnata,&#8221; r\u00e4\u00e4kis Loigo.<\/p>\n<p>Raskesse \u00f5nnetusse sattunud Elisabethi isal on k\u00f5igile vanematele aga soovitus.<\/p>\n<p>&#8220;Mida \u00e4rge jumala eest tehke, on see, et te ise l\u00e4hete vabatahtlikult selle naeratuse p\u00e4rast, ostate oma lapsele sellise surmarelva. \u00c4rge tehke seda! Pakkuge mingeid teisi&#8230; minge teatrisse, minge kinno, minge mere \u00e4\u00e4rde jalutama, ostke j\u00e4\u00e4tist rohkem, aga \u00e4rge tehke selliseid asju,&#8221; lausus Lomp.<\/p>\n","protected":false},"excerpt":{"rendered":"Lapsevanem Pert Lombi t\u00fctar kukkus lubatust kiirema piirkiirusega s\u00f5itnud elektrit\u00f5ukerattalt nii halvasti, et langes koomasse. \u00d5nneks on laps&hellip;\n","protected":false},"author":2,"featured_media":185531,"comment_status":"","ping_status":"","sticky":false,"template":"","format":"standard","meta":{"footnotes":"","_share_on_mastodon":"0"},"categories":[12],"tags":[26,27,37,33,35,8946,34,36,31,32,21,3704,28,29,19,81177,25,4262,23,24,22,20,30],"class_list":["post-186215","post","type-post","status-publish","format-standard","has-post-thumbnail","category-eesti","tag-breaking-news","tag-breakingnews","tag-ee","tag-eesti","tag-eesti-keel","tag-elektritoukeratas","tag-estonia","tag-estonian","tag-featured-news","tag-featurednews","tag-headlines","tag-lapsed","tag-latest-news","tag-latestnews","tag-news","tag-pert-lomp","tag-populaarseimad-lood","tag-ppa","tag-top-stories","tag-topstories","tag-uldised-uudised","tag-uudised","tag-viimased-uudised"],"share_on_mastodon":{"url":"https:\/\/pubeurope.com\/@ee\/116632204509051073","error":""},"_links":{"self":[{"href":"https:\/\/www.europesays.com\/ee\/wp-json\/wp\/v2\/posts\/186215","targetHints":{"allow":["GET"]}}],"collection":[{"href":"https:\/\/www.europesays.com\/ee\/wp-json\/wp\/v2\/posts"}],"about":[{"href":"https:\/\/www.europesays.com\/ee\/wp-json\/wp\/v2\/types\/post"}],"author":[{"embeddable":true,"href":"https:\/\/www.europesays.com\/ee\/wp-json\/wp\/v2\/users\/2"}],"replies":[{"embeddable":true,"href":"https:\/\/www.europesays.com\/ee\/wp-json\/wp\/v2\/comments?post=186215"}],"version-history":[{"count":0,"href":"https:\/\/www.europesays.com\/ee\/wp-json\/wp\/v2\/posts\/186215\/revisions"}],"wp:featuredmedia":[{"embeddable":true,"href":"https:\/\/www.europesays.com\/ee\/wp-json\/wp\/v2\/media\/185531"}],"wp:attachment":[{"href":"https:\/\/www.europesays.com\/ee\/wp-json\/wp\/v2\/media?parent=186215"}],"wp:term":[{"taxonomy":"category","embeddable":true,"href":"https:\/\/www.europesays.com\/ee\/wp-json\/wp\/v2\/categories?post=186215"},{"taxonomy":"post_tag","embeddable":true,"href":"https:\/\/www.europesays.com\/ee\/wp-json\/wp\/v2\/tags?post=186215"}],"curies":[{"name":"wp","href":"https:\/\/api.w.org\/{rel}","templated":true}]}}