{"id":186221,"date":"2026-05-25T00:00:11","date_gmt":"2026-05-25T00:00:11","guid":{"rendered":"https:\/\/www.europesays.com\/ee\/186221\/"},"modified":"2026-05-25T00:00:11","modified_gmt":"2026-05-25T00:00:11","slug":"vitalik-buterin-paljastab-et-90-tema-varadest-on-investeeritud-eth-sse-samal-ajal-kui-sihtasutus-kavatseb-labi-viia-pohjaliku-umberkorralduse","status":"publish","type":"post","link":"https:\/\/www.europesays.com\/ee\/186221\/","title":{"rendered":"Vitalik Buterin paljastab, et 90% tema varadest on investeeritud ETH-sse, samal ajal kui sihtasutus kavatseb l\u00e4bi viia p\u00f5hjaliku \u00fcmberkorralduse"},"content":{"rendered":"<p>Peamised j\u00e4reldused<\/p>\n<ul class=\"m-0 flex list-none flex-col gap-m pl-0\">\n<li class=\"m-0 flex items-start gap-s !text-[#434248]\">Buterin selgitas 24. mail 2026, et Ethereum Foundation (EF) omab vaid 0,16% kogu ETH-st, mis on konkurentidest oluliselt v\u00e4hem.<\/li>\n<li class=\"m-0 flex items-start gap-s !text-[#434248]\">EF kavatseb oma tegevusala kitsendada, keskendudes ainult tsensuurikindlusele, privaatsusele ja Ethereumi avatud infrastruktuurile.<\/li>\n<li class=\"m-0 flex items-start gap-s !text-[#434248]\">Buterin kutsus \u00fcles kasutama tehisintellekti (AI) abil toimuvat formaalset verifitseerimist, et muuta Ethereum m\u00f5ne kuu jooksul t\u00f5endatavalt veavabaks.<\/li>\n<\/ul>\n<p> Buterin hoiatab, et Ethereum riskib keskp\u00e4rasusega, kui eelistab kiirust detsentraliseeritusele <\/p>\n<p>X-is <a href=\"https:\/\/x.com\/VitalikButerin\/status\/2058583593102844111?s=20\" target=\"_blank\" rel=\"noopener noreferrer nofollow\">kirjutades<\/a> selgitas Ethereumi kaasasutaja Vitalik Buterin, et Ethereum Foundation (EF) eelistab pikaealisust laiaulatuslikkusele. Muutus toimub p\u00e4rast perioodi, mida ta kirjeldas produktiivseks, mil 2025. aastal saavutati m\u00e4rkimisv\u00e4\u00e4rne t\u00f5hususe kasv, kuid tema uudisvoos kerkis \u00fcha uuesti esile \u00fcks k\u00fcsimus: miks fondi tegevus ei peegeldanud detsentralisatsiooni ja privaatsuse v\u00e4\u00e4rtusi, millest ta avalikult r\u00e4\u00e4kis?<\/p>\n<p>Buterin tunnistas seda pinget selgelt. M\u00f5ned inimesed n\u00e4gid, et fond v\u00f5ttis l\u00f5puks t\u00f5siselt k\u00e4sile rakendamise ja \u00e4riarenduse. Tema n\u00e4gi midagi muud ja m\u00e4rkis, et kriitikud, kes r\u00f5hutasid k\u00f5ige tugevamalt idealismi, olid need, kelle s\u00f5nad talle k\u00f5ige rohkem kaalu kandsid.<\/p>\n<p>Et selgitada EF-i tehtud valikut, kasutas Buterin analoogiat. Ta kirjeldas Google&#8217;it kui ettev\u00f5tet, mis alustas tugevate, idealistlike juurtega, kuid eemaldus neist aegam\u00f6\u00f6da, kui peavoolu ettev\u00f5tlusr\u00f5hk hakkas m\u00f5jutama. Ta m\u00e4rkis, et kui ta oleks saanud 2008. aastal vajutada nuppu, mis oleks muutnud Google&#8217;i kaks standardh\u00e4lvet p\u00f5him\u00f5ttekindlamaks, oleks ta seda kohe teinud. Tema p\u00f5hjendus: \u00fche organisatsiooni otsus j\u00e4rgida teistsugust standardit on olulisem, kui \u00fclej\u00e4\u00e4nud t\u00f6\u00f6stus liigub teises suunas.<br \/>Sama loogika kehtib n\u00fc\u00fcd <a href=\"https:\/\/news.bitcoin.com\/et\/ethereumi-sihtasutus-rahastab-nutilepingute-arendajatele-suunatud-1-miljoni-dollari-suurust-auditeerimisprogrammi\/\" rel=\"nofollow noopener\" target=\"_blank\">Ethereum Foundation<\/a>i positsiooni kohta laiemas \u00f6kos\u00fcsteemis.<br \/>Buterin oli otsekohene selles osas, mis EF on ja mis ta ei ole. Ta m\u00e4rkis, et fond on \u00fcks kindla eesm\u00e4rgiga s\u00f5lm, mitte kogu v\u00f5rgu raskuskese. EF-il on ligikaudu 0,16% kogu ETH-st. V\u00f5rdluseks: teiste plokiahelate taga olevad keskfondid omavad tavaliselt 10\u201350% oma algup\u00e4rasest varust. Algne \u00fclesanne \u2013 ahela tarkvara ehitamine Serenity uuenduse kaudu \u2013 viidi l\u00f5pule 2022. aastal. EF-i ei kavandatud kunagi p\u00fcsivaks haldajaks.<\/p>\n<p>Edaspidi keskendub EF tegevustele, mis on olulised Ethereumi toimimiseks tsensuurikindla, privaatse ja avatud s\u00fcsteemina, ning ainult nendele tegevustele, mis ei toimuks ilma fondi otsese osaluseta. See t\u00e4hendab, et m\u00f5ned lugupeetud kaast\u00f6\u00f6tajad ja tehniliselt \u00fchtlustatud meeskonnad liiguvad EF struktuurist v\u00e4lja. Buterin \u00fctles, et see on vajalik, mitte juhuslik. V\u00e4lised meeskonnad vajavad v\u00f5imet meelitada ligi v\u00e4liskapitali, ja see on raskem, kui nad asuvad fondi sees.<\/p>\n<p>Tehnilisel poolel t\u00f5i Buterin esile mitu konkreetset eesm\u00e4rki. Ta kutsus \u00fcles looma t\u00f5endatavalt veavaba Ethereumi, kasutades AI-abistatud formaalset verifitseerimist \u2013 eesm\u00e4rk, mis tema s\u00f5nul oleks kuus kuud tagasi tundunud v\u00f5imatuna, kuid on n\u00fc\u00fcd k\u00e4eulatuses. Ta mainis ka k\u00e4ttesaadavat ahelakonsensust, mida ta kirjeldas kui omadust, mida jagavad ainult Ethereum ja Bitcoin, \u00fchendades as\u00fcnkroonsuse veatolerantsuse kaitsega r\u00fcndajate vastu, kes kontrollivad kuni 49% s\u00f5lmedest. Kolmas prioriteet on vahendajate minimeerimine, mis t\u00e4hendab, et kasutajad ja protokollid peaksid saama saata tehinguid otse ahelasse ilma kolmandate osapoolte kaudu suunamiseta.<\/p>\n<p>Buterin r\u00f5hutas, et need eesm\u00e4rgid ei ole vastuolus skaleeritavusega. Ta kirjutas X-is, et need on \u00fchilduvad suure tehingute l\u00e4bilaskev\u00f5imega, l\u00fchemate slot-aegadega ja h\u00e4sti kavandatud teise kihi (L2) v\u00f5rkudega, mis on loodud spetsiifiliste rakenduste jaoks.<br \/>Ta k\u00e4sitles ka otseselt ETH-d. Buterin \u00fctles, et see vara tagab 250 miljardi dollari v\u00e4\u00e4rtuse ja et ligi 90% tema netov\u00e4\u00e4rtusest on hoiustatud ETH-s. \u00dclej\u00e4\u00e4nud osa, ligikaudu 40 miljonit dollarit, on ahelas olevas fiat-valuutas, mis on tema s\u00f5nul juba eraldatud avatud l\u00e4htekoodiga biotehnoloogia-, tarkvara- ja riistvaraprojektidele. Ta m\u00e4rkis, et m\u00f5ned ETH-i varana toetamise aspektid j\u00e4\u00e4vad v\u00e4ljapoole EF-i uut tegevusala, ning kutsus teisi organisatsioone, millest m\u00f5ned hoiavad rohkem ETH-i kui fond, seda t\u00f6\u00f6d enda peale v\u00f5tma.<\/p>\n<p>Buterin l\u00f5petas postituse kirjeldusega, milliseks EF muutumas on. V\u00e4iksem laev. Enam arvamust avaldav. Ehitatud kauem kestma. Ta \u00fctles, et fondi uus pikaajaline struktuur peaks j\u00e4rgmise paari kuu jooksul stabiliseeruma.<\/p>\n<p>\u00dclemineku operatiivset poolt juhib juhatuse liige Aya Miyaguchi. Buterin \u00fctles, et tema enda m\u00f5ju juhatuses hakkab edaspidi v\u00e4henema, ja see on tulemus, mida ta soovib.<\/p>\n","protected":false},"excerpt":{"rendered":"Peamised j\u00e4reldused Buterin selgitas 24. mail 2026, et Ethereum Foundation (EF) omab vaid 0,16% kogu ETH-st, mis on&hellip;\n","protected":false},"author":2,"featured_media":186222,"comment_status":"","ping_status":"","sticky":false,"template":"","format":"standard","meta":{"footnotes":"","_share_on_mastodon":"0"},"categories":[14],"tags":[131,130,37,33,35,34,36,3002,81267],"class_list":["post-186221","post","type-post","status-publish","format-standard","has-post-thumbnail","category-ari","tag-ari","tag-business","tag-ee","tag-eesti","tag-eesti-keel","tag-estonia","tag-estonian","tag-ethereum-eth","tag-vitalik-buterin"],"share_on_mastodon":{"url":"https:\/\/pubeurope.com\/@ee\/116632277811685012","error":""},"_links":{"self":[{"href":"https:\/\/www.europesays.com\/ee\/wp-json\/wp\/v2\/posts\/186221","targetHints":{"allow":["GET"]}}],"collection":[{"href":"https:\/\/www.europesays.com\/ee\/wp-json\/wp\/v2\/posts"}],"about":[{"href":"https:\/\/www.europesays.com\/ee\/wp-json\/wp\/v2\/types\/post"}],"author":[{"embeddable":true,"href":"https:\/\/www.europesays.com\/ee\/wp-json\/wp\/v2\/users\/2"}],"replies":[{"embeddable":true,"href":"https:\/\/www.europesays.com\/ee\/wp-json\/wp\/v2\/comments?post=186221"}],"version-history":[{"count":0,"href":"https:\/\/www.europesays.com\/ee\/wp-json\/wp\/v2\/posts\/186221\/revisions"}],"wp:featuredmedia":[{"embeddable":true,"href":"https:\/\/www.europesays.com\/ee\/wp-json\/wp\/v2\/media\/186222"}],"wp:attachment":[{"href":"https:\/\/www.europesays.com\/ee\/wp-json\/wp\/v2\/media?parent=186221"}],"wp:term":[{"taxonomy":"category","embeddable":true,"href":"https:\/\/www.europesays.com\/ee\/wp-json\/wp\/v2\/categories?post=186221"},{"taxonomy":"post_tag","embeddable":true,"href":"https:\/\/www.europesays.com\/ee\/wp-json\/wp\/v2\/tags?post=186221"}],"curies":[{"name":"wp","href":"https:\/\/api.w.org\/{rel}","templated":true}]}}