{"id":186380,"date":"2026-05-25T06:34:08","date_gmt":"2026-05-25T06:34:08","guid":{"rendered":"https:\/\/www.europesays.com\/ee\/186380\/"},"modified":"2026-05-25T06:34:08","modified_gmt":"2026-05-25T06:34:08","slug":"riik-torjub-karuputke-pea-400-000-euro-eest","status":"publish","type":"post","link":"https:\/\/www.europesays.com\/ee\/186380\/","title":{"rendered":"Riik t\u00f5rjub karuputke pea 400 000 euro eest"},"content":{"rendered":"<p class=\"x_MsoNormal\">Eestis on karuputke v\u00f5\u00f5rliike t\u00f5rjutud juba enam kui 15 aastat ning loodusele on tagasi suudetud v\u00f5ita \u00fcle 800 hektari. \u00abKeskkonnaamet j\u00e4tkab karuputke v\u00f5\u00f5rliikide t\u00f5rjega ning selle aasta t\u00f5rjesse lisandub 90 hektarit t\u00e4iesti uusi alasid. T\u00f5rje toimub k\u00f5igis teadaolevates kolooniates nii riigi- kui eramaal,\u00bb \u00fctles Keskkonnaameti loodushoiut\u00f6\u00f6de osakonna juhataja aset\u00e4itja Eike Tammek\u00e4nd.<\/p>\n","protected":false},"excerpt":{"rendered":"Eestis on karuputke v\u00f5\u00f5rliike t\u00f5rjutud juba enam kui 15 aastat ning loodusele on tagasi suudetud v\u00f5ita \u00fcle 800&hellip;\n","protected":false},"author":2,"featured_media":186381,"comment_status":"","ping_status":"","sticky":false,"template":"","format":"standard","meta":{"footnotes":"","_share_on_mastodon":"0"},"categories":[12],"tags":[3427,3431,3426,26,27,37,33,35,3450,3456,3445,34,36,3451,31,32,21,3429,1155,3455,3428,44,28,29,3432,1952,3442,426,3439,3444,3437,3448,3443,3086,3425,19,443,3452,3433,3449,3447,3424,3441,3435,25,3446,3430,134,3454,3440,3453,371,3434,23,24,3436,22,20,3438,30],"class_list":["post-186380","post","type-post","status-publish","format-standard","has-post-thumbnail","category-eesti","tag-aed","tag-aedviljad","tag-aiatarkus","tag-breaking-news","tag-breakingnews","tag-ee","tag-eesti","tag-eesti-keel","tag-eesti-pollumajandus-kaubanduskoda","tag-eesti-talupidajate-keskliit","tag-erakorraline-toetus","tag-estonia","tag-estonian","tag-etki","tag-featured-news","tag-featurednews","tag-headlines","tag-juurviljakasvatus","tag-kalandus","tag-kerli-ats","tag-koduaed","tag-koogiviljakasvatus","tag-latest-news","tag-latestnews","tag-lilled","tag-looduskalender","tag-loomakasvatus","tag-maaelu","tag-maaettevotlus","tag-maamess","tag-maaturism","tag-maaulikool","tag-mahetootmine","tag-metsandus","tag-metsatoostus","tag-news","tag-olustvere","tag-parim-talu","tag-piimakari","tag-polli","tag-pollimajandustoetus","tag-pollumajandus","tag-pollumajanduspoliitika","tag-pollumajandustehnika","tag-populaarseimad-lood","tag-pria","tag-puuviljakasvatus","tag-rohepoore","tag-roomet-sormus","tag-taimetark","tag-talutoit","tag-tehnika","tag-toiduainetoostus","tag-top-stories","tag-topstories","tag-turism","tag-uldised-uudised","tag-uudised","tag-vaikeettevotlus","tag-viimased-uudised"],"share_on_mastodon":{"url":"","error":"Validation failed: Text character limit of 500 exceeded"},"_links":{"self":[{"href":"https:\/\/www.europesays.com\/ee\/wp-json\/wp\/v2\/posts\/186380","targetHints":{"allow":["GET"]}}],"collection":[{"href":"https:\/\/www.europesays.com\/ee\/wp-json\/wp\/v2\/posts"}],"about":[{"href":"https:\/\/www.europesays.com\/ee\/wp-json\/wp\/v2\/types\/post"}],"author":[{"embeddable":true,"href":"https:\/\/www.europesays.com\/ee\/wp-json\/wp\/v2\/users\/2"}],"replies":[{"embeddable":true,"href":"https:\/\/www.europesays.com\/ee\/wp-json\/wp\/v2\/comments?post=186380"}],"version-history":[{"count":0,"href":"https:\/\/www.europesays.com\/ee\/wp-json\/wp\/v2\/posts\/186380\/revisions"}],"wp:featuredmedia":[{"embeddable":true,"href":"https:\/\/www.europesays.com\/ee\/wp-json\/wp\/v2\/media\/186381"}],"wp:attachment":[{"href":"https:\/\/www.europesays.com\/ee\/wp-json\/wp\/v2\/media?parent=186380"}],"wp:term":[{"taxonomy":"category","embeddable":true,"href":"https:\/\/www.europesays.com\/ee\/wp-json\/wp\/v2\/categories?post=186380"},{"taxonomy":"post_tag","embeddable":true,"href":"https:\/\/www.europesays.com\/ee\/wp-json\/wp\/v2\/tags?post=186380"}],"curies":[{"name":"wp","href":"https:\/\/api.w.org\/{rel}","templated":true}]}}