{"id":186477,"date":"2026-05-25T08:34:07","date_gmt":"2026-05-25T08:34:07","guid":{"rendered":"https:\/\/www.europesays.com\/ee\/186477\/"},"modified":"2026-05-25T08:34:07","modified_gmt":"2026-05-25T08:34:07","slug":"hirm-nooremate-ees-prantsusmaa-esileedi-brigitte-macron-selekteerib-skandaalsel-viisil-presidendi-meeskonda","status":"publish","type":"post","link":"https:\/\/www.europesays.com\/ee\/186477\/","title":{"rendered":"Hirm nooremate ees? Prantsusmaa esileedi Brigitte Macron selekteerib skandaalsel viisil presidendi meeskonda"},"content":{"rendered":"<p>Prantsusmaa presidendipaari ebatavaline ja suur vanusevahe on alati pakkunud k\u00f5neainet, kuid v\u00e4rskelt ilmunud elulooraamat kergitab loori privaatsetelt suhetelt viisil, mis on Pariisis tekitanud t\u00f5elise tormi. Prantsuse ajakirjaniku Florian Tardifi sulest ilmunud teos maalib Prantsusmaa esileedist pildi kui kurikuulsalt armukadedast naisest, kes juhib kulisside taga riigi personaliotsuseid oma isikliku ebakindluse p\u00f5hjal.<\/p>\n","protected":false},"excerpt":{"rendered":"Prantsusmaa presidendipaari ebatavaline ja suur vanusevahe on alati pakkunud k\u00f5neainet, kuid v\u00e4rskelt ilmunud elulooraamat kergitab loori privaatsetelt suhetelt&hellip;\n","protected":false},"author":2,"featured_media":186478,"comment_status":"","ping_status":"","sticky":false,"template":"","format":"standard","meta":{"footnotes":"","_share_on_mastodon":"0"},"categories":[80],"tags":[42605,26,27,15135,37,33,35,81310,2194,34,36,31,32,81309,21,28,29,95,81313,19,25,81308,81312,81311,23,24,22,20,30,92,93,94],"class_list":["post-186477","post","type-post","status-publish","format-standard","has-post-thumbnail","category-maailm","tag-abielukriis","tag-breaking-news","tag-breakingnews","tag-brigitte-macron","tag-ee","tag-eesti","tag-eesti-keel","tag-elysee-palee","tag-emmanuel-macron","tag-estonia","tag-estonian","tag-featured-news","tag-featurednews","tag-florian-tardif","tag-headlines","tag-latest-news","tag-latestnews","tag-maailm","tag-meedia-skandaal","tag-news","tag-populaarseimad-lood","tag-prantsusmaa-poliitika","tag-presidendipaar","tag-suguvordsus","tag-top-stories","tag-topstories","tag-uldised-uudised","tag-uudised","tag-viimased-uudised","tag-world","tag-world-news","tag-worldnews"],"share_on_mastodon":{"url":"","error":"Validation failed: Text character limit of 500 exceeded"},"_links":{"self":[{"href":"https:\/\/www.europesays.com\/ee\/wp-json\/wp\/v2\/posts\/186477","targetHints":{"allow":["GET"]}}],"collection":[{"href":"https:\/\/www.europesays.com\/ee\/wp-json\/wp\/v2\/posts"}],"about":[{"href":"https:\/\/www.europesays.com\/ee\/wp-json\/wp\/v2\/types\/post"}],"author":[{"embeddable":true,"href":"https:\/\/www.europesays.com\/ee\/wp-json\/wp\/v2\/users\/2"}],"replies":[{"embeddable":true,"href":"https:\/\/www.europesays.com\/ee\/wp-json\/wp\/v2\/comments?post=186477"}],"version-history":[{"count":0,"href":"https:\/\/www.europesays.com\/ee\/wp-json\/wp\/v2\/posts\/186477\/revisions"}],"wp:featuredmedia":[{"embeddable":true,"href":"https:\/\/www.europesays.com\/ee\/wp-json\/wp\/v2\/media\/186478"}],"wp:attachment":[{"href":"https:\/\/www.europesays.com\/ee\/wp-json\/wp\/v2\/media?parent=186477"}],"wp:term":[{"taxonomy":"category","embeddable":true,"href":"https:\/\/www.europesays.com\/ee\/wp-json\/wp\/v2\/categories?post=186477"},{"taxonomy":"post_tag","embeddable":true,"href":"https:\/\/www.europesays.com\/ee\/wp-json\/wp\/v2\/tags?post=186477"}],"curies":[{"name":"wp","href":"https:\/\/api.w.org\/{rel}","templated":true}]}}