{"id":186633,"date":"2026-05-25T11:08:08","date_gmt":"2026-05-25T11:08:08","guid":{"rendered":"https:\/\/www.europesays.com\/ee\/186633\/"},"modified":"2026-05-25T11:08:08","modified_gmt":"2026-05-25T11:08:08","slug":"paavst-leo-xiv-kutsus-riike-ules-pidurdama-tehisintellekti-arengut-valismaa","status":"publish","type":"post","link":"https:\/\/www.europesays.com\/ee\/186633\/","title":{"rendered":"Paavst Leo XIV kutsus riike \u00fcles pidurdama tehisintellekti arengut | V\u00e4lismaa"},"content":{"rendered":"<p>Viimastel kuudel j\u00f5ulisemalt s\u00f5na v\u00f5tnud ning Iraani s\u00f5ja kritiseerimisega USA presidendi Donald Trumpi pahandanud paavst esitas ents\u00fcklikana tuntud mahukas tekstis riigijuhtidele mitmeid tungivaid \u00fcleskutseid.<\/p>\n<p>Esimene USA-st p\u00e4rit paavst r\u00f5hutas, et tehisintellekti andmeid ei tohiks j\u00e4tta ainu\u00fcksi erak\u00e4tesse, kutsus poliitikakujundajaid \u00fcles kaitsma t\u00f6\u00f6tajate \u00f5igusi ja tagama laste turvalisust tehnoloogia eest ning n\u00f5udis tehisintellektiettev\u00f5tete vahelise konkurentsi ohjeldamist.<\/p>\n<p>&#8220;Olukorras, kus k\u00f5ik kiireneb, vajame aktiivsemat poliitilist sekkumist, mis suudaks arengut pidurdada,&#8221; kirjutas paavst dokumendis pealkirjaga &#8220;Magnifica Humanitas&#8221; (Suurep\u00e4rane Inimkond).<\/p>\n<p>Paavst n\u00f5udis &#8220;tugevaid \u00f5igusraamistikke, s\u00f5ltumatut j\u00e4relevalvet, teadlikke kasutajaid ja poliitilist s\u00fcsteemi, mis ei hiili k\u00f5rvale oma vastutusest.&#8221;<\/p>\n<p>Ents\u00fcklika on paavsti \u00fcks olulisemaid \u00f5petuslikke l\u00e4kitusi kiriku 1,4 miljardile liikmele.\u00a0<\/p>\n<p>Pikisilmi oodatud, ligi 43 000 s\u00f5nast koosnevat teksti hakati koostama peaaegu kohe p\u00e4rast Leo paavstiks valimist veidi enam kui aasta tagasi.<\/p>\n<p>Paavst l\u00fckkas tagasi &#8220;\u00f5iglase s\u00f5ja&#8221; teooria<\/p>\n<p>Ehkki dokumendi peateema on tehisintellekt, m\u00f5istetakse seal hukka ka maailma laastavad s\u00f5jad, avaldatakse muret rahvusvaheliste organisatsioonide m\u00f5juv\u00f5imu v\u00e4henemise p\u00e4rast ning hoiatatakse, et konflikte k\u00e4ivitab relvat\u00f6\u00f6stuse kasumiahnus.<\/p>\n<p>&#8220;Viimase 60 aasta jooksul on aset leidnud erakordselt julmad konfliktid, mis on sageli massiliselt kahjustanud tsiviilelanikkonda,&#8221; seisab tekstis. &#8220;Inimkond on libisemas v\u00e4givaldsesse v\u00f5imukultuuri, kus rahu ei n\u00e4hta enam vastutusena, mida kanda, vaid pelgalt hapra vaheetapina konfliktide vahel.&#8221;<\/p>\n<p>Lisaks l\u00fckati dokumendis senistest paavstidest k\u00f5ige selges\u00f5nalisemalt tagasi &#8220;\u00f5iglase s\u00f5ja&#8221; teooria \u2013 doktriin, millele toetudes on katoliku kirik hinnanud globaalseid konflikte alates viiendast sajandist. Doktriinile, mille kohaselt on s\u00f5da \u00f5igustatud vaid enesekaitseks agressiooni korral, on Iraani s\u00f5ja \u00f5igustamisel tuginenud ka Trumpi administratsiooni ametnikud, teiste seas katoliiklasest asepresident JD Vance.<\/p>\n<p>&#8220;&#8221;\u00d5iglase s\u00f5ja&#8221; teooria, mida on liigagi sageli kasutatud igasuguse s\u00f5jategevuse \u00f5igustamiseks, on t\u00e4naseks aegunud,&#8221; seisab l\u00e4kituses. &#8220;J\u00f5u, v\u00e4givalla ja relvade kasutamine peegeldab suhtlusv\u00f5imetust, mis toob tsiviilelanikele alati kaasa katastroofilisi tagaj\u00e4rgi.&#8221;<\/p>\n<p>Samuti v\u00e4ljendas paavst muret, et riigijuhid v\u00f5ivad algatada s\u00f5du riigisisestelt probleemidelt t\u00e4helepanu k\u00f5rvalejuhtimiseks.<\/p>\n<p>&#8220;Ei saa v\u00e4listada v\u00f5imalust, et teatud juhid n\u00e4evad relvakonflikti t\u00f5husa vahendina, millega hajutada t\u00e4helepanu sisepoliitilistelt muredelt, ning k\u00fc\u00fcnilise t\u00f6\u00f6riistana raskuste haldamisel,&#8221; kirjutas paavst.<\/p>\n<p>Paavst vabandas kiriku rolli p\u00e4rast orjanduses<\/p>\n<p>Paavst r\u00f5hutas, et tehisintellekti kasutamisele s\u00f5japidamises peavad kehtima &#8220;k\u00f5ige karmimad eetilised piirangud&#8221; ning surmavate otsuste langetamist ei tohi usaldada masinatele.<\/p>\n<p>Enne tehisintellekti eetika k\u00e4sitlemist viitas paavst sajanditepikkusele sotsiaalset \u00f5iglust puudutavale kiriklikule \u00f5petustraditsioonile. Eraldi t\u00f5i paavst esile eelk\u00e4ija Leo XIII, kelle 1891. aastal avaldatud kuulus ents\u00fcklika n\u00f5udis t\u00f6\u00f6stusrevolutsiooni ajal t\u00f6\u00f6listele paremat palka ja t\u00f6\u00f6tingimusi.<\/p>\n<p>Leo XIV m\u00f5istis hukka &#8220;uued orjuse vormid&#8221;, mille all kannatavad tehaset\u00f6\u00f6lised, kes toodavad tehnoloogilisi seadmeid \u2013 n\u00e4iteks arvuteid ja nutitelefone \u2013, milles tehisintellekti rakendatakse.<\/p>\n<p>&#8220;M\u00f5nel pool maailmas t\u00f6\u00f6tavad lapsed ja noorukid ohtlikes tingimustes, purustades materjale, millest eraldatakse haruldasi muldmetalle,&#8221; kirjutas paavst. &#8220;Nende inimeste kehad on armilised, vigastatud ja kurnatud pelgalt selleks, et andmevood saaksid katkematult j\u00e4tkuda. Selline reaalsus seab meie aja moraalse s\u00fcdametunnistuse t\u00f5siselt proovile.&#8221;<\/p>\n<p>Paavst tunnistas \u00fchtlasi, et katoliku kirik m\u00f5istis atlandi\u00fclese orjakaubanduse j\u00f5uliselt hukka alles 19. sajandil, ja esitas isikliku vabanduse.<\/p>\n<p>&#8220;See on haav kristlikus m\u00e4lus. Seet\u00f5ttu palun ma kiriku nimel siiralt andestust,&#8221; seisis p\u00f6\u00f6rdumises.<\/p>\n<p>Paavst kutsub tegelema tehisintellekti riskidega<\/p>\n<p>Kirja sissejuhatuses r\u00f5hutatakse, et p\u00f6\u00f6rdumine on suunatud nii katoliiklastele kui ka k\u00f5igile hea tahtega inimestele. Dokumendis m\u00e4rgitakse, et \u00fchiskond peab leidma vastused p\u00f5him\u00f5ttelistele k\u00fcsimustele tehisintellekti arengusuundade ja globaalse juhtimise tuleviku kohta.<\/p>\n<p>Viidates piibliloole Paabeli tornist \u2013 kus inimesed \u00fcritavad uhkusest pimestatuna ehitada taevani ulatuvat torni, vihastades sellega Jumalat \u2013, t\u00f5i paavst esile ohud, mis kaasnevad iga ettev\u00f5tmisega, mis &#8220;p\u00fcrgib taevasse ilma Jumala \u00f5nnistuseta&#8221;.<\/p>\n<p>&#8220;Karjase ja isana palun ma k\u00f5igil loobuda j\u00e4rjekordse Paabeli torni ehitamisest ning \u00fchendada j\u00f5ud \u00fchise h\u00fcvangu loomiseks,&#8221; s\u00f5nas paavst.<\/p>\n<p>Paavst kutsus kogu maailma \u00fcles mitte alla andma tehisintellektis\u00fcsteemidega seotud riskide lahendamisel.<\/p>\n<p>&#8220;V\u00f5ib tekkida salakaval kiusatus m\u00f5elda, et probleemid on liiga suured ja meie liiga v\u00e4ikesed ning seet\u00f5ttu ei muuda meie valikud midagi. M\u00f5istagi pole k\u00f5igil \u00fchesugust m\u00f5juv\u00f5imu olukorra muutmiseks,&#8221; lisas paavst. &#8220;Ometi ei ole keegi vastutusest vaba. Meil k\u00f5igil on oma tegevusv\u00e4li.&#8221;<\/p>\n","protected":false},"excerpt":{"rendered":"Viimastel kuudel j\u00f5ulisemalt s\u00f5na v\u00f5tnud ning Iraani s\u00f5ja kritiseerimisega USA presidendi Donald Trumpi pahandanud paavst esitas ents\u00fcklikana tuntud&hellip;\n","protected":false},"author":2,"featured_media":186634,"comment_status":"","ping_status":"","sticky":false,"template":"","format":"standard","meta":{"footnotes":"","_share_on_mastodon":"0"},"categories":[80],"tags":[26,27,37,33,35,81332,34,36,31,32,21,1393,29033,28,29,3237,95,19,81333,81331,3234,25,1049,814,23,24,22,20,30,92,93,94],"class_list":["post-186633","post","type-post","status-publish","format-standard","has-post-thumbnail","category-maailm","tag-breaking-news","tag-breakingnews","tag-ee","tag-eesti","tag-eesti-keel","tag-entsuklika","tag-estonia","tag-estonian","tag-featured-news","tag-featurednews","tag-headlines","tag-katoliku-kirik","tag-kirik","tag-latest-news","tag-latestnews","tag-leo-xiv","tag-maailm","tag-news","tag-oiglase-soja-teooria","tag-orjandus","tag-paavst","tag-populaarseimad-lood","tag-soda","tag-tehisaru","tag-top-stories","tag-topstories","tag-uldised-uudised","tag-uudised","tag-viimased-uudised","tag-world","tag-world-news","tag-worldnews"],"share_on_mastodon":{"url":"https:\/\/pubeurope.com\/@ee\/116634904399183458","error":""},"_links":{"self":[{"href":"https:\/\/www.europesays.com\/ee\/wp-json\/wp\/v2\/posts\/186633","targetHints":{"allow":["GET"]}}],"collection":[{"href":"https:\/\/www.europesays.com\/ee\/wp-json\/wp\/v2\/posts"}],"about":[{"href":"https:\/\/www.europesays.com\/ee\/wp-json\/wp\/v2\/types\/post"}],"author":[{"embeddable":true,"href":"https:\/\/www.europesays.com\/ee\/wp-json\/wp\/v2\/users\/2"}],"replies":[{"embeddable":true,"href":"https:\/\/www.europesays.com\/ee\/wp-json\/wp\/v2\/comments?post=186633"}],"version-history":[{"count":0,"href":"https:\/\/www.europesays.com\/ee\/wp-json\/wp\/v2\/posts\/186633\/revisions"}],"wp:featuredmedia":[{"embeddable":true,"href":"https:\/\/www.europesays.com\/ee\/wp-json\/wp\/v2\/media\/186634"}],"wp:attachment":[{"href":"https:\/\/www.europesays.com\/ee\/wp-json\/wp\/v2\/media?parent=186633"}],"wp:term":[{"taxonomy":"category","embeddable":true,"href":"https:\/\/www.europesays.com\/ee\/wp-json\/wp\/v2\/categories?post=186633"},{"taxonomy":"post_tag","embeddable":true,"href":"https:\/\/www.europesays.com\/ee\/wp-json\/wp\/v2\/tags?post=186633"}],"curies":[{"name":"wp","href":"https:\/\/api.w.org\/{rel}","templated":true}]}}