{"id":186639,"date":"2026-05-25T11:16:11","date_gmt":"2026-05-25T11:16:11","guid":{"rendered":"https:\/\/www.europesays.com\/ee\/186639\/"},"modified":"2026-05-25T11:16:11","modified_gmt":"2026-05-25T11:16:11","slug":"german-golub-filmide-pikk-ettevalmistus-soob-eelarvest-suure-osa-ara-vikerraadio","status":"publish","type":"post","link":"https:\/\/www.europesays.com\/ee\/186639\/","title":{"rendered":"German Golub: filmide pikk ettevalmistus s\u00f6\u00f6b eelarvest suure osa \u00e4ra | Vikerraadio"},"content":{"rendered":"<p>Cannes&#8217;i filmifestivali mainekal filmiturul March\u00e9 du Film auhinna saanud filmire\u017eiss\u00f6\u00f6r German Golub r\u00e4\u00e4kis Vikerraadios, et tema uue filmi vastu tunti huvi seep\u00e4rast, et filmis on huumorit, meeldej\u00e4\u00e4vad peategelased ja talvine milj\u00f6\u00f6. Golubi s\u00f5nul on suurimaks probleemiks, et filmide pikk ettevalmistus s\u00f6\u00f6b eelarvest suure osa \u00e4ra.<\/p>\n<p>Filmire\u017eiss\u00f6\u00f6r German Golubi j\u00e4rgmisel aastal valmivat Eesti-Saksa koost\u00f6\u00f6filmi &#8220;Teie teenistuses&#8221; tunnustati Cannes&#8217;i filmifestivali suurimal filmiturul March\u00e9 du Film.<\/p>\n<p>&#8220;Eile l\u00f5petasime filmimisperioodi, oli viimane v\u00f5ttep\u00e4ev. Juba talvel filmisime 28 p\u00e4eva, sellest monteerisime ja panime kokku klipi P\u00d6FFi-i programmi &#8220;Goes to Cannes&#8221; jaoks. Igast riigist esitati viis filmi, kokku kandideeris auhinnale 34 filmi. Esitlesime seitsmeminutilise l\u00f5igu erinevatest stseenidest, mille j\u00e4rgi produtsendid ja levitajad said aru, millise filmiga on tegemist,&#8221; selgitas Golub.<\/p>\n<p>Kuus aastat tagasi sai Golub tudengifilmide Oscari l\u00fchifimi &#8220;Minu kallid laibad&#8221; eest.<\/p>\n<p>Sooje emotsioone filmi suhtes tekitas Golubi s\u00f5nul muuhulgas see, et filmis on huumorit, peategelaste olek ekraanil ning samuti asjaolu, et filmis toimusid tegevused talvel. &#8220;Piisavalt mitmek\u00fclgne ja huvitav projekt, mida edasi aidata,&#8221; lisas Golub.<\/p>\n<p>&#8220;Film on tragikom\u00f6\u00f6dia patrullpolitseinik Helenist, kelle abikaasa sooritab \u00fche teo, mis muudab kogu pere elu ja v\u00e4lja hakkavad tulema vanad valud ja konfliktid,&#8221; t\u00f5i Golub v\u00e4lja.<\/p>\n<p>Auhinna suuruseks oli 15 000 eurot ja selle pani v\u00e4lja Prantsuse voogedastusplatvorm Cin\u00e9+ OCS. Golubi s\u00f5nul neile sularaha kaasa ei antud. &#8220;Seal on h\u00e4sti palju tingimusi, kuidas eraldatud toetuse k\u00e4tte saab. Meil on kahe aasta jooksul vaja leida kaastootja ja levitaja just Prantsusmaal, et see raha roteeruks Prantsusmaal. Oluline on, et kogu toetus l\u00e4heks filmi,&#8221; selgitas Golub.<\/p>\n<p>Re\u017eiss\u00f6\u00f6ri s\u00f5nul eelarvestatakse filme pikalt ette ja filmivaldkonda kimbutab krooniline alarahastatus. &#8220;M\u00e4ngufilmiga &#8220;Meie Erika&#8221; oli ka nii, et produtsendid tegid eelarve 2022. aastal, aga v\u00f5ttesse l\u00e4ksime 2024. aastal. Hinnad olid selleks ajaks juba t\u00f5usnud ja kaotasime rahas niiv\u00f5rd palju. Oluline on tekitada j\u00e4rjepidevus, et inimesed selles valdkonnas saaksid j\u00e4rjepidavalt t\u00f6\u00f6tada ja oma kvaliteeti pidevalt t\u00f5sta,&#8221; nentis Golub.<\/p>\n<p>M\u00e4ngufilm &#8220;Teie teenistuses&#8221; peaks kinodesse j\u00f5udma 2027. aasta veebruarikuus.<\/p>\n","protected":false},"excerpt":{"rendered":"Cannes&#8217;i filmifestivali mainekal filmiturul March\u00e9 du Film auhinna saanud filmire\u017eiss\u00f6\u00f6r German Golub r\u00e4\u00e4kis Vikerraadios, et tema uue filmi&hellip;\n","protected":false},"author":2,"featured_media":186640,"comment_status":"","ping_status":"","sticky":false,"template":"","format":"standard","meta":{"footnotes":"","_share_on_mastodon":"0"},"categories":[16],"tags":[79463,37,33,35,173,34,36,28104,140,40187],"class_list":["post-186639","post","type-post","status-publish","format-standard","has-post-thumbnail","category-meelelahutus","tag-cannes-filmifestival","tag-ee","tag-eesti","tag-eesti-keel","tag-entertainment","tag-estonia","tag-estonian","tag-german-golub","tag-meelelahutus","tag-teie-teenistuses"],"share_on_mastodon":{"url":"https:\/\/pubeurope.com\/@ee\/116634936091700467","error":""},"_links":{"self":[{"href":"https:\/\/www.europesays.com\/ee\/wp-json\/wp\/v2\/posts\/186639","targetHints":{"allow":["GET"]}}],"collection":[{"href":"https:\/\/www.europesays.com\/ee\/wp-json\/wp\/v2\/posts"}],"about":[{"href":"https:\/\/www.europesays.com\/ee\/wp-json\/wp\/v2\/types\/post"}],"author":[{"embeddable":true,"href":"https:\/\/www.europesays.com\/ee\/wp-json\/wp\/v2\/users\/2"}],"replies":[{"embeddable":true,"href":"https:\/\/www.europesays.com\/ee\/wp-json\/wp\/v2\/comments?post=186639"}],"version-history":[{"count":0,"href":"https:\/\/www.europesays.com\/ee\/wp-json\/wp\/v2\/posts\/186639\/revisions"}],"wp:featuredmedia":[{"embeddable":true,"href":"https:\/\/www.europesays.com\/ee\/wp-json\/wp\/v2\/media\/186640"}],"wp:attachment":[{"href":"https:\/\/www.europesays.com\/ee\/wp-json\/wp\/v2\/media?parent=186639"}],"wp:term":[{"taxonomy":"category","embeddable":true,"href":"https:\/\/www.europesays.com\/ee\/wp-json\/wp\/v2\/categories?post=186639"},{"taxonomy":"post_tag","embeddable":true,"href":"https:\/\/www.europesays.com\/ee\/wp-json\/wp\/v2\/tags?post=186639"}],"curies":[{"name":"wp","href":"https:\/\/api.w.org\/{rel}","templated":true}]}}