{"id":186666,"date":"2026-05-25T11:41:07","date_gmt":"2026-05-25T11:41:07","guid":{"rendered":"https:\/\/www.europesays.com\/ee\/186666\/"},"modified":"2026-05-25T11:41:07","modified_gmt":"2026-05-25T11:41:07","slug":"sunnidefektiga-inglanna-kellele-hiljuti-jousaalis-jalapress-pahe-kukkus-sai-esimese-suure-slammi-avaringi-voidu","status":"publish","type":"post","link":"https:\/\/www.europesays.com\/ee\/186666\/","title":{"rendered":"S\u00fcnnidefektiga inglanna, kellele hiljuti j\u00f5usaalis jalapress p\u00e4he kukkus, sai esimese suure sl\u00e4mmi avaringi v\u00f5idu"},"content":{"rendered":"<p>25-aastane Jones p\u00f5eb haruldast geneetilist haigust. Ta m\u00f5lemal k\u00e4el on vaid kolm s\u00f5rme ja p\u00f6ial, paremal jalal kolm ja vasakul neli varvast, mist\u00f5ttu soovitasid arstid tal juba 8-aastaselt endale m\u00f5ni muu spordiala otsida, sest professionaalset tennisisti temast ei saavat. <\/p>\n<p>Ometi on Jones v\u00f5itnud kaks WTA 125 kategooria ja \u00fcheksa ITF-i tiitlit, saavutanud maailma edetabelis parimatel p\u00e4evadel 69. koha ning m\u00e4nginud seitsmel korral suure sl\u00e4mmi p\u00f5hiturniiri avaringis. P\u00fchap\u00e4eval pani ta oma karj\u00e4\u00e4ris maha j\u00e4rjekordse t\u00e4hise, p\u00e4\u00e4sedes esimest korda ka teise ringi. <\/p>\n<p>Prantsusmaa lahtiste meistriv\u00f5istluste avaringis alistas Jones, kes praegu on WTA edetabelis 102. kohal, brasiillanna Breatriz Haddad Maia (WTA 105.) &#8211; kolme aasta taguse <a rel=\"noopener nofollow\" target=\"_blank\" href=\"https:\/\/www.delfi.ee\/teema\/56498432\/french-open\" tag-id=\"56498432\">French Openi<\/a> poolfinalisti ja 2024. aasta US Openi veerandfinalisti, kes 2023. aastal j\u00f5udis maailma r\u00e4nkingus 10. kohale. <\/p>\n<p>Selle aasta alguses elas Jones \u00fcle kummalise j\u00f5usaali\u00f5nnetuse, mille tagaj\u00e4rjel olid tal pikalt p\u00f5rutuse s\u00fcmptomid. Nimelt purunes jalapressil lukustusmehhanism ning 45-kilogrammine raskus kukkus talle vastu pead ja p\u00f5lve.<\/p>\n<p>\u201e\u00dctleksin, et see on olnud vaieldamatult raskeim hetk mu karj\u00e4\u00e4ris, kogu see aasta,\u201c r\u00e4\u00e4kis Jones eile p\u00e4rast kahe tunni ja 42 minutiga saadud 1:6, 7:6 (4), 6:2 v\u00f5itu <a rel=\"noopener follow nofollow\" target=\"_blank\" href=\"https:\/\/www.bbc.com\/sport\/tennis\/articles\/cze20w3859no\" data-rel-date-range=\"[]\">BBC Sportile<\/a>.<\/p>\n<p>\u201eSellest tagasi v\u00f5itlemine ja mat\u0161i v\u00f5itmine teeb selle paremaks ja n\u00e4itab, et ma \u00fcritan edasi hoolimata raskustest ja tagasil\u00f6\u00f6kidest. Pean endaga justkui malemat\u0161i ning leian j\u00e4rgmised k\u00e4igud.\u201c<\/p>\n<p>\u00dchtlasi oli see tema esimene p\u00f5hiturniiri mat\u0161 French Openil. <\/p>\n<p><img decoding=\"async\" src=\"https:\/\/www.europesays.com\/ee\/wp-content\/uploads\/2026\/05\/16ebbc5b-bccc-45e0-bf2e-5039999ddc5c.jpg\" loading=\"lazy\" alt=\"Francesca Jones alistas avaringis brasillanna Breatriz Haddad Maia.\"\/><\/p>\n<p>T\u00e4navusel Australian Openil, hooaja esimesel sl\u00e4mmiturniiril, pidi ta avaringi mat\u0161i pooleli j\u00e4tma puusavigastuse t\u00f5ttu. J\u00f5usaali\u00f5nnetus juhtus just sellest vigastusest taastumise l\u00f5pusirgel. <\/p>\n<p>\u201eMul vedas v\u00e4ga, et ma tulin sellest v\u00e4lja, nagu ma tulin,\u201c r\u00e4\u00e4kis Jones juba enne French Openit. \u201eHaiglast \u00f6eldi, et mul vedas, et mind ei pidanud opereerima v\u00f5i ma ei saanud ajuverejooksu.\u201c<\/p>\n<p>Jalapressi \u00f5nnetuse j\u00e4rel viidi ta j\u00f5usaalist haiglasse peahaavaga, hiljem tekkisid peavalu ja -ringlus ehk t\u00fc\u00fcpilised peap\u00f5rutuse s\u00fcmptomid. F\u00fc\u00fcsilise vigastusega sama suur oli vaimne tagasil\u00f6\u00f6k. <\/p>\n<p>\u201eSee aasta on olnud t\u00e4ielik edasi-tagasi k\u00f5ikumine &#8211; kaks sammu edasi, kaks tagasi. Minusuguse iseloomuga inimesel on raske, kui ta tunneb end ebaproduktiivsena,\u201c \u00fctles ta. <\/p>\n<p>Puusavigastus ja j\u00f5usaali\u00f5nnetus ongi p\u00f5hjused, miks ta karj\u00e4\u00e4ri parimalt kohalt esisajast v\u00e4lja langes. <\/p>\n<p>Haddad Maia alistamise j\u00e4rel l\u00e4ks Jones embama oma trib\u00fc\u00fcnil kaasa elanud vanemaid. Valati omajagu pisaraid. <\/p>\n<p>\u201eTavaliselt olen mina see, kes \u00fctleb, et sa ei tohiks enne turniiri l\u00f5ppu nutta, kuid see, mis ma sel aastal l\u00e4bi olen elanud, on olnud \u00fcks suur v\u00e4ljakutse. See on mu vanematele v\u00e4ga raske olnud. Kogu selle peap\u00f5rutuse protsessi jooksul on nad olnud teisel pool maailma. Nad on kannatanud koos minuga, isegi distantsilt.\u201c<\/p>\n<p>French Openi teises ringis kohtub Jones 28-aastase t\u0161ehhitari Marie Bouzkovaga (WTA 27.), kes sai avaringis 6:3, 6:1 v\u00f5idu itaallanna Lucia Bronzetti (WTA 172.) \u00fcle.<\/p>\n<p>Bouzkova on endine maailma 24. reket, kes 2022. aastal m\u00e4ngis Wimbledoni veerandfinaalis ning on French Openil j\u00f5udnud kahel korral kolmandasse ringi.<\/p>\n<p>Kuula ka viimast \u201eMat\u0161palli\u201c podcasti, kus arutleti Mark Lajali ja Daniil Glinka French Openi kvalifikatsioonimat\u0161ide ja p\u00f5hitabelite \u00fcle.<\/p>\n<p>Kuidas see lugu Sind end tundma pani? Saada <a href=\"https:\/\/sport.delfi.ee\/artikkel\/120586165\/sunnidefektiga-inglanna-kellele-hiljuti-jousaalis-jalapress-pahe-kukkus-sai-esimese-suure-slammi-avaringi-voidu\/kommentaarid\" class=\"article-body-bottom__comment article-body-bottom__comment--write button button--primary button--size-auto\" rel=\"nofollow noopener\" target=\"_blank\"> Kommenteeri <\/a><a href=\"https:\/\/sport.delfi.ee\/artikkel\/120586165\/sunnidefektiga-inglanna-kellele-hiljuti-jousaalis-jalapress-pahe-kukkus-sai-esimese-suure-slammi-avaringi-voidu\/kommentaarid\" class=\"article-body-bottom__comment article-body-bottom__comment--read button button--size-auto\" rel=\"nofollow noopener\" target=\"_blank\"> Loe kommentaare (2)<\/a><\/p>\n","protected":false},"excerpt":{"rendered":"25-aastane Jones p\u00f5eb haruldast geneetilist haigust. Ta m\u00f5lemal k\u00e4el on vaid kolm s\u00f5rme ja p\u00f6ial, paremal jalal kolm&hellip;\n","protected":false},"author":2,"featured_media":186667,"comment_status":"","ping_status":"","sticky":false,"template":"","format":"standard","meta":{"footnotes":"","_share_on_mastodon":"0"},"categories":[80],"tags":[26,27,37,33,35,34,36,31,32,80441,21,28,29,95,19,25,23,24,22,20,30,92,93,94],"class_list":["post-186666","post","type-post","status-publish","format-standard","has-post-thumbnail","category-maailm","tag-breaking-news","tag-breakingnews","tag-ee","tag-eesti","tag-eesti-keel","tag-estonia","tag-estonian","tag-featured-news","tag-featurednews","tag-french-open","tag-headlines","tag-latest-news","tag-latestnews","tag-maailm","tag-news","tag-populaarseimad-lood","tag-top-stories","tag-topstories","tag-uldised-uudised","tag-uudised","tag-viimased-uudised","tag-world","tag-world-news","tag-worldnews"],"share_on_mastodon":{"url":"https:\/\/pubeurope.com\/@ee\/116635034443219019","error":""},"_links":{"self":[{"href":"https:\/\/www.europesays.com\/ee\/wp-json\/wp\/v2\/posts\/186666","targetHints":{"allow":["GET"]}}],"collection":[{"href":"https:\/\/www.europesays.com\/ee\/wp-json\/wp\/v2\/posts"}],"about":[{"href":"https:\/\/www.europesays.com\/ee\/wp-json\/wp\/v2\/types\/post"}],"author":[{"embeddable":true,"href":"https:\/\/www.europesays.com\/ee\/wp-json\/wp\/v2\/users\/2"}],"replies":[{"embeddable":true,"href":"https:\/\/www.europesays.com\/ee\/wp-json\/wp\/v2\/comments?post=186666"}],"version-history":[{"count":0,"href":"https:\/\/www.europesays.com\/ee\/wp-json\/wp\/v2\/posts\/186666\/revisions"}],"wp:featuredmedia":[{"embeddable":true,"href":"https:\/\/www.europesays.com\/ee\/wp-json\/wp\/v2\/media\/186667"}],"wp:attachment":[{"href":"https:\/\/www.europesays.com\/ee\/wp-json\/wp\/v2\/media?parent=186666"}],"wp:term":[{"taxonomy":"category","embeddable":true,"href":"https:\/\/www.europesays.com\/ee\/wp-json\/wp\/v2\/categories?post=186666"},{"taxonomy":"post_tag","embeddable":true,"href":"https:\/\/www.europesays.com\/ee\/wp-json\/wp\/v2\/tags?post=186666"}],"curies":[{"name":"wp","href":"https:\/\/api.w.org\/{rel}","templated":true}]}}