{"id":186676,"date":"2026-05-25T11:51:10","date_gmt":"2026-05-25T11:51:10","guid":{"rendered":"https:\/\/www.europesays.com\/ee\/186676\/"},"modified":"2026-05-25T11:51:10","modified_gmt":"2026-05-25T11:51:10","slug":"apollo-selgitab-miks-oli-volakirjade-esimene-intressimakse-oodatust-vaiksem","status":"publish","type":"post","link":"https:\/\/www.europesays.com\/ee\/186676\/","title":{"rendered":"Apollo selgitab: miks oli v\u00f5lakirjade esimene intressimakse oodatust v\u00e4iksem?"},"content":{"rendered":"<p>\u00c4rilehe poole p\u00f6\u00f6rdus lugeja, kes imestas, miks oli Apollo v\u00f5lakirja kupongimakse oodatust poole v\u00e4iksem. Sarnaselt tekitas see k\u00fcsimusi ka LHV foorumis.<\/p>\n<p>Kui Apollo \u00fche v\u00f5lakirja nimiv\u00e4\u00e4rtus on 500 eurot, intressim\u00e4\u00e4raks on 7% ning toimuvad kvartaalsed v\u00e4ljamaksed, siis sellest l\u00e4htuvalt peaks iga kvartal saama 8,75 eurot v\u00f5lakirja kohta (kui pole investeerimiskontot ning esitatud tulumaksukohustuse edasil\u00fckkamise avaldust, siis sellest l\u00e4heb maha tulumaks). Lugeja kontole laekus aga natuke alla nelja euro v\u00f5lakirja kohta. Siinkohal tuleb m\u00e4ngu aga \u00fcks erisus.<\/p>\n<p>Nimelt selgitas Apollo juht <a rel=\"noopener nofollow\" target=\"_blank\" href=\"https:\/\/www.delfi.ee\/teema\/56500080\/toomas-tiivel\" tag-id=\"56500080\">Toomas Tiivel<\/a>, et esimene intressimakse oli v\u00e4iksem, kuna intressiperiood oli tavap\u00e4rasest l\u00fchem. Ehk kui tavap\u00e4raselt makstakse intresse kvartali kohta v\u00e4lja, siis esimese intressiperioodi arvestuseks oli 41 p\u00e4eva, perioodi 20. m\u00e4rts-30. aprill eest. Ehk esimene intressimakse oli seet\u00f5ttu 3,986 eurot. See, et esimene intressiperiood on l\u00fchem, oli iseenesest m\u00e4rgitud \u00e4ra ka v\u00f5lakirjatingimustes.<\/p>\n<p><a rel=\"noopener nofollow\" target=\"_blank\" href=\"https:\/\/www.delfi.ee\/teema\/70731937\/volakirjad\" tag-id=\"70731937\">V\u00f5lakirjade<\/a> intressi makstakse kvartaalselt iga aastal j\u00e4rgnevatel kuup\u00e4evadel ning seda eelneva kvartali eest: 25. mail, 25. augustil, 25. novembril and 25. veebruaril. Selle juures tuleb arvestada, et Apollo kvartalid on ajaliselt nihkes: majandusaasta l\u00f5ppeb 30. aprillil ehk esimene kvartal l\u00f5ppeb firma jaoks 31. juulil, teine kvartal 31. oktoobril, kolmas kvartal 31. jaanuaril ja neljas kvartal 30. aprillil.<\/p>\n<p>Meelelahutuskontsern Apollo Group v\u00e4ljastas m\u00e4rtsis 50 miljoni euro eest v\u00f5lakirju. Pakkumisest v\u00f5ttis osa 4468 jae- ja institutsionaalset investorit Eestist, L\u00e4tist ning Leedust. L\u00f5viosa ehk 80 protsenti m\u00e4rkimismahust tuli Eestist, l\u00e4tlaste osakaal oli 12 protsenti ja leedulastel 8 protsenti. M\u00e4rkimiste kogumaht ulatus 51 miljoni euroni, millest institutsionaalsed investorid andsid 59,8 protsenti. Kaasatud kapitali abil loodab Apollo avada Baltikumis ja Soomes \u00fcle 100 uue restorani.<\/p>\n<p>Kuidas see lugu Sind end tundma pani? Saada <a href=\"https:\/\/arileht.delfi.ee\/a\/120586136\/apollo-selgitab-miks-oli-volakirjade-esimene-intressimakse-oodatust-vaiksem\/kommentaarid\" class=\"article-body-bottom__comment article-body-bottom__comment--write button button--primary button--size-auto\" rel=\"nofollow noopener\" target=\"_blank\"> Kommenteeri <\/a><a href=\"https:\/\/arileht.delfi.ee\/a\/120586136\/apollo-selgitab-miks-oli-volakirjade-esimene-intressimakse-oodatust-vaiksem\/kommentaarid\" class=\"article-body-bottom__comment article-body-bottom__comment--read button button--size-auto\" rel=\"nofollow noopener\" target=\"_blank\"> Loe kommentaare (1)<\/a><\/p>\n","protected":false},"excerpt":{"rendered":"\u00c4rilehe poole p\u00f6\u00f6rdus lugeja, kes imestas, miks oli Apollo v\u00f5lakirja kupongimakse oodatust poole v\u00e4iksem. Sarnaselt tekitas see k\u00fcsimusi&hellip;\n","protected":false},"author":2,"featured_media":186677,"comment_status":"","ping_status":"","sticky":false,"template":"","format":"standard","meta":{"footnotes":"","_share_on_mastodon":"0"},"categories":[14],"tags":[13704,131,130,37,33,35,34,36,50925,2703],"class_list":["post-186676","post","type-post","status-publish","format-standard","has-post-thumbnail","category-ari","tag-apollo","tag-ari","tag-business","tag-ee","tag-eesti","tag-eesti-keel","tag-estonia","tag-estonian","tag-toomas-tiivel","tag-volakirjad"],"share_on_mastodon":{"url":"https:\/\/pubeurope.com\/@ee\/116635073633863413","error":""},"_links":{"self":[{"href":"https:\/\/www.europesays.com\/ee\/wp-json\/wp\/v2\/posts\/186676","targetHints":{"allow":["GET"]}}],"collection":[{"href":"https:\/\/www.europesays.com\/ee\/wp-json\/wp\/v2\/posts"}],"about":[{"href":"https:\/\/www.europesays.com\/ee\/wp-json\/wp\/v2\/types\/post"}],"author":[{"embeddable":true,"href":"https:\/\/www.europesays.com\/ee\/wp-json\/wp\/v2\/users\/2"}],"replies":[{"embeddable":true,"href":"https:\/\/www.europesays.com\/ee\/wp-json\/wp\/v2\/comments?post=186676"}],"version-history":[{"count":0,"href":"https:\/\/www.europesays.com\/ee\/wp-json\/wp\/v2\/posts\/186676\/revisions"}],"wp:featuredmedia":[{"embeddable":true,"href":"https:\/\/www.europesays.com\/ee\/wp-json\/wp\/v2\/media\/186677"}],"wp:attachment":[{"href":"https:\/\/www.europesays.com\/ee\/wp-json\/wp\/v2\/media?parent=186676"}],"wp:term":[{"taxonomy":"category","embeddable":true,"href":"https:\/\/www.europesays.com\/ee\/wp-json\/wp\/v2\/categories?post=186676"},{"taxonomy":"post_tag","embeddable":true,"href":"https:\/\/www.europesays.com\/ee\/wp-json\/wp\/v2\/tags?post=186676"}],"curies":[{"name":"wp","href":"https:\/\/api.w.org\/{rel}","templated":true}]}}