{"id":186721,"date":"2026-05-25T12:36:07","date_gmt":"2026-05-25T12:36:07","guid":{"rendered":"https:\/\/www.europesays.com\/ee\/186721\/"},"modified":"2026-05-25T12:36:07","modified_gmt":"2026-05-25T12:36:07","slug":"tsehhis-peeti-narkovihje-peale-kinni-vene-oigeusu-kiriku-metropoliit-kelle-autost-leiti-valget-ainet","status":"publish","type":"post","link":"https:\/\/www.europesays.com\/ee\/186721\/","title":{"rendered":"T\u0161ehhis peeti narkovihje peale kinni Vene \u00f5igeusu kiriku metropoliit, kelle autost leiti valget ainet"},"content":{"rendered":"<p>Postituses \u00f6eldakse, et p\u00e4rast Karlovy Varys asuvast kirikust lahkumist peatas politsei Ilarioni auto, milles olid tema ise ja teda saatnud operaator. Auto pagasiruumist leiti \u201eneli v\u00e4ikest konteinerit valget v\u00e4rvi ainega\u201c.<\/p>\n<p>\u201eAine koostise, p\u00e4ritolu ja iseloomu peab kindlaks tegema ainult p\u00e4dev ekspertiis,\u201c \u00f6eldakse teates.<\/p>\n<p>Metropoliit Ilarion eitab keelatud ainete omamist.<\/p>\n<p>\u201eMul ei ole ja ei ole kunagi olnud midagi tegemist narkootiliste ainete ebaseadusliku k\u00e4itlemisega. Minu kui vaimuliku jaoks on juba oletus millegi sellise kohta kindlalt vale. Ma n\u00f5uan toimunu t\u00e4ielikku, s\u00f5ltumatut ja protsessuaalselt laitmatut kontrolli,\u201c teatas Ilarion.<\/p>\n<p>Metropoliidi advokaadi Mihhail Pakovski s\u00f5nul ootas maanteel kaks politseiautot, mis Ilarioni autot n\u00e4hes liikusid selle ette ja taha. Politseinikud k\u00fcsisid nii juhi kui ka metropoliidi dokumente, kuigi advokaadi s\u00f5nul mingeid liiklusalaseid etteheiteid ei olnud. Advokaat lisas, et Ilarion viidi tankla poodi ega lastud tal auto kontrollimist j\u00e4lgida.<\/p>\n<p>T\u0161ehhi uudisteportaal Novinky.cz kirjutab, et emeriitmetropoliit peeti kinni Unho\u0161\u0165i linnas.<\/p>\n<p>\u201eMa saan kinnitada, et anon\u00fc\u00fcmse vihje p\u00f5hjal, mis teatas narkootikumide ja ps\u00fchhotroopsete ainete veost, algatasime me Kesk-B\u00f6\u00f6mimaa piirkonnas \u00fche s\u00f5iduki vastu meetmed,\u201c teatas T\u0161ehhi rahvusliku narkootikumide vastase keskuse (NPC) esindaja Lucie \u0160moldasov\u00e1.<\/p>\n<p>\u201eK\u00e4imas oleva kriminaalmenetluse t\u00f5ttu ei saa me anda t\u00e4iendavat informatsiooni ega avaldada s\u00f5idukis olnute isikuid,\u201c lisas \u0160moldasov\u00e1.<\/p>\n<p>Kladno prokuratuuri teatel ei ole veel kellelegi s\u00fc\u00fcdistust esitatud.<\/p>\n<p>\u201eKaht kinni peetud isikut k\u00fcsitletakse t\u00e4na. Politseiv\u00f5imud teevad siis otsuse,\u201c \u00fctles Novinky.cz-ile prokur\u00f6r Petr Dluho\u0161.<\/p>\n<p>Ilarion oli alates 2009. aastast Moskva patriarhaadi v\u00e4liste kiriklike sidemete osakonna juhataja ja teda peeti <a rel=\"noopener nofollow\" target=\"_blank\" href=\"https:\/\/www.delfi.ee\/teema\/63782018\/patriarh-kirill\" tag-id=\"63782018\">patriarh Kirilli<\/a> v\u00f5imalikuks j\u00e4rglaseks. 2022. aasta juunis vabastas Vene \u00f5igeusu kiriku p\u00fcha sinod Ilarioni ametist ning m\u00e4\u00e4ras ta <a rel=\"noopener nofollow\" target=\"_blank\" href=\"https:\/\/www.delfi.ee\/teema\/57254588\/budapest\" tag-id=\"57254588\">Budapesti<\/a> ja <a rel=\"noopener nofollow\" target=\"_blank\" href=\"https:\/\/www.delfi.ee\/teema\/31826709\/ungari\" tag-id=\"31826709\">Ungari<\/a> piiskopkonna juhiks.<\/p>\n<p>2024. aasta detsembris vabastas sinod Ilarioni ka sellelt kohalt.<\/p>\n<p>See juhtus veidi p\u00e4rast seda, kui ilmusid v\u00e4lja t\u00f5endid, et tema elustiil ei vasta tema vaimulikustaatusele. N\u00e4iteks ilmusid v\u00e4lja fotod Ilarionist jahil l\u00f5butsemas ja andmed enda tarbeks kinnisvara ostmise kohta. Teener Georgi Suzuki s\u00fc\u00fcdistas Ilarioni aga ahistamises.<\/p>\n<p>Kuidas see lugu Sind end tundma pani? Saada <a href=\"https:\/\/www.delfi.ee\/artikkel\/120586196\/tsehhis-peeti-narkovihje-peale-kinni-vene-oigeusu-kiriku-metropoliit-kelle-autost-leiti-valget-ainet\/kommentaarid\" class=\"article-body-bottom__comment article-body-bottom__comment--write button button--primary button--size-auto\" rel=\"nofollow noopener\" target=\"_blank\"> Kommenteeri <\/a><a href=\"https:\/\/www.delfi.ee\/artikkel\/120586196\/tsehhis-peeti-narkovihje-peale-kinni-vene-oigeusu-kiriku-metropoliit-kelle-autost-leiti-valget-ainet\/kommentaarid\" class=\"article-body-bottom__comment article-body-bottom__comment--read button button--size-auto\" rel=\"nofollow noopener\" target=\"_blank\"> Loe kommentaare (6)<\/a><\/p>\n","protected":false},"excerpt":{"rendered":"Postituses \u00f6eldakse, et p\u00e4rast Karlovy Varys asuvast kirikust lahkumist peatas politsei Ilarioni auto, milles olid tema ise ja&hellip;\n","protected":false},"author":2,"featured_media":186722,"comment_status":"","ping_status":"","sticky":false,"template":"","format":"standard","meta":{"footnotes":"","_share_on_mastodon":"0"},"categories":[80],"tags":[26,27,1351,37,33,35,34,36,31,32,21,81339,28,29,95,33598,19,5754,25,23,24,116,22,118,20,9625,30,92,93,94],"class_list":["post-186721","post","type-post","status-publish","format-standard","has-post-thumbnail","category-maailm","tag-breaking-news","tag-breakingnews","tag-budapest","tag-ee","tag-eesti","tag-eesti-keel","tag-estonia","tag-estonian","tag-featured-news","tag-featurednews","tag-headlines","tag-karlovy-vary","tag-latest-news","tag-latestnews","tag-maailm","tag-moskva-patriarhaat","tag-news","tag-patriarh-kirill","tag-populaarseimad-lood","tag-top-stories","tag-topstories","tag-tsehhi","tag-uldised-uudised","tag-ungari","tag-uudised","tag-vene-oigeusu-kirik","tag-viimased-uudised","tag-world","tag-world-news","tag-worldnews"],"share_on_mastodon":{"url":"https:\/\/pubeurope.com\/@ee\/116635250532200850","error":""},"_links":{"self":[{"href":"https:\/\/www.europesays.com\/ee\/wp-json\/wp\/v2\/posts\/186721","targetHints":{"allow":["GET"]}}],"collection":[{"href":"https:\/\/www.europesays.com\/ee\/wp-json\/wp\/v2\/posts"}],"about":[{"href":"https:\/\/www.europesays.com\/ee\/wp-json\/wp\/v2\/types\/post"}],"author":[{"embeddable":true,"href":"https:\/\/www.europesays.com\/ee\/wp-json\/wp\/v2\/users\/2"}],"replies":[{"embeddable":true,"href":"https:\/\/www.europesays.com\/ee\/wp-json\/wp\/v2\/comments?post=186721"}],"version-history":[{"count":0,"href":"https:\/\/www.europesays.com\/ee\/wp-json\/wp\/v2\/posts\/186721\/revisions"}],"wp:featuredmedia":[{"embeddable":true,"href":"https:\/\/www.europesays.com\/ee\/wp-json\/wp\/v2\/media\/186722"}],"wp:attachment":[{"href":"https:\/\/www.europesays.com\/ee\/wp-json\/wp\/v2\/media?parent=186721"}],"wp:term":[{"taxonomy":"category","embeddable":true,"href":"https:\/\/www.europesays.com\/ee\/wp-json\/wp\/v2\/categories?post=186721"},{"taxonomy":"post_tag","embeddable":true,"href":"https:\/\/www.europesays.com\/ee\/wp-json\/wp\/v2\/tags?post=186721"}],"curies":[{"name":"wp","href":"https:\/\/api.w.org\/{rel}","templated":true}]}}