{"id":186852,"date":"2026-05-25T14:38:23","date_gmt":"2026-05-25T14:38:23","guid":{"rendered":"https:\/\/www.europesays.com\/ee\/186852\/"},"modified":"2026-05-25T14:38:23","modified_gmt":"2026-05-25T14:38:23","slug":"eugen-veges-temust-sheinist-ja-mujalt-ostjaid-halvustada-pole-oiglane","status":"publish","type":"post","link":"https:\/\/www.europesays.com\/ee\/186852\/","title":{"rendered":"Eugen Veges: Temust, Sheinist ja mujalt ostjaid halvustada pole \u00f5iglane!"},"content":{"rendered":"<p><img decoding=\"async\" src=\"https:\/\/www.europesays.com\/ee\/wp-content\/uploads\/2026\/05\/9806e52e-893f-46df-a956-3d190259a92c.jpg\" loading=\"lazy\" alt=\"\u201eTemust ja Sheinist ostjate oskus oma raha lugeda v\u00e4\u00e4rib pigem tunnustust.\u201c\"\/><\/p>\n<p>\u201eTemust ja Sheinist ostjate oskus oma raha lugeda v\u00e4\u00e4rib pigem tunnustust.\u201c<\/p>\n<p>FOTO: IMAGO \/ Christian Ohde| Scanpix<\/p>\n<p>N\u00f5rgema ahistamisel tuleb sekkuda \u2013 isegi siis, kui riskid ise haiget saada. Just selle p\u00f5him\u00f5tte t\u00f5ttu otsustasingi s\u00f5na v\u00f5tta Temu, <a rel=\"noopener nofollow\" target=\"_blank\" href=\"https:\/\/www.delfi.ee\/teema\/96856227\/shein\" data-rel-date-range=\"[]\">Sheini<\/a> ja teiste piiritaguste kauplejate teemal. Hiina suurkettide k\u00f5rval tahan kaitsta ka Euroopa Liidu ettev\u00f5tjaid, kellelt paljud eestlased tellivad samu kaupu, mida Eestis m\u00fc\u00fcakse m\u00e4rksa kallimalt. <\/p>\n","protected":false},"excerpt":{"rendered":"\u201eTemust ja Sheinist ostjate oskus oma raha lugeda v\u00e4\u00e4rib pigem tunnustust.\u201c FOTO: IMAGO \/ Christian Ohde| Scanpix N\u00f5rgema&hellip;\n","protected":false},"author":2,"featured_media":186853,"comment_status":"","ping_status":"","sticky":false,"template":"","format":"standard","meta":{"footnotes":"","_share_on_mastodon":"0"},"categories":[12],"tags":[26,27,9276,37,33,35,34,36,31,32,21,1283,28,29,19,25,3098,33554,8823,23,24,22,20,30],"class_list":["post-186852","post","type-post","status-publish","format-standard","has-post-thumbnail","category-eesti","tag-breaking-news","tag-breakingnews","tag-e-kaubandus","tag-ee","tag-eesti","tag-eesti-keel","tag-estonia","tag-estonian","tag-featured-news","tag-featurednews","tag-headlines","tag-kaibemaks","tag-latest-news","tag-latestnews","tag-news","tag-populaarseimad-lood","tag-shein","tag-tarneahel","tag-temu","tag-top-stories","tag-topstories","tag-uldised-uudised","tag-uudised","tag-viimased-uudised"],"share_on_mastodon":{"url":"https:\/\/pubeurope.com\/@ee\/116635730438820363","error":""},"_links":{"self":[{"href":"https:\/\/www.europesays.com\/ee\/wp-json\/wp\/v2\/posts\/186852","targetHints":{"allow":["GET"]}}],"collection":[{"href":"https:\/\/www.europesays.com\/ee\/wp-json\/wp\/v2\/posts"}],"about":[{"href":"https:\/\/www.europesays.com\/ee\/wp-json\/wp\/v2\/types\/post"}],"author":[{"embeddable":true,"href":"https:\/\/www.europesays.com\/ee\/wp-json\/wp\/v2\/users\/2"}],"replies":[{"embeddable":true,"href":"https:\/\/www.europesays.com\/ee\/wp-json\/wp\/v2\/comments?post=186852"}],"version-history":[{"count":0,"href":"https:\/\/www.europesays.com\/ee\/wp-json\/wp\/v2\/posts\/186852\/revisions"}],"wp:featuredmedia":[{"embeddable":true,"href":"https:\/\/www.europesays.com\/ee\/wp-json\/wp\/v2\/media\/186853"}],"wp:attachment":[{"href":"https:\/\/www.europesays.com\/ee\/wp-json\/wp\/v2\/media?parent=186852"}],"wp:term":[{"taxonomy":"category","embeddable":true,"href":"https:\/\/www.europesays.com\/ee\/wp-json\/wp\/v2\/categories?post=186852"},{"taxonomy":"post_tag","embeddable":true,"href":"https:\/\/www.europesays.com\/ee\/wp-json\/wp\/v2\/tags?post=186852"}],"curies":[{"name":"wp","href":"https:\/\/api.w.org\/{rel}","templated":true}]}}