{"id":186871,"date":"2026-05-25T14:59:09","date_gmt":"2026-05-25T14:59:09","guid":{"rendered":"https:\/\/www.europesays.com\/ee\/186871\/"},"modified":"2026-05-25T14:59:09","modified_gmt":"2026-05-25T14:59:09","slug":"trump-nouan-kohustuslikus-korras-et-koik-riigid-allkirjastaksid-viivitamatult-aabrahami-kokkulepped","status":"publish","type":"post","link":"https:\/\/www.europesays.com\/ee\/186871\/","title":{"rendered":"Trump: n\u00f5uan kohustuslikus korras, et k\u00f5ik riigid allkirjastaksid viivitamatult Aabrahami kokkulepped"},"content":{"rendered":"<p>\u201eN\u00f5uan kohustuslikus korras, et k\u00f5ik riigid allkirjastaksid viivitamatult Aabrahami kokkulepped. Kui <a rel=\"noopener nofollow\" target=\"_blank\" href=\"https:\/\/www.delfi.ee\/teema\/24129493\/iraan\" tag-id=\"24129493\">Iraan<\/a> allkirjastab lepingu minuga kui Ameerika \u00dchendriikide presidendiga, oleks mul au n\u00e4ha neidki osana sellest v\u00f5rratust maailmakoalitsioonist,\u201c kirjutas Trump <a rel=\"noopener nofollow\" target=\"_blank\" href=\"https:\/\/www.delfi.ee\/teema\/96859986\/truth-social\" tag-id=\"96859986\">Truth Social<\/a> platvormil. <\/p>\n<p>\u201e<a rel=\"noopener nofollow\" target=\"_blank\" href=\"https:\/\/www.delfi.ee\/teema\/30604059\/lahis-ida\" tag-id=\"30604059\">L\u00e4his-Ida<\/a> oleks \u00fchtne, v\u00f5imas ja majanduslikult tugev \u2013 tugevam kui ehk mis tahes muu piirkond maailmas! K\u00e4esoleva avaldusega palun oma esindajatel alustada ja viia edukalt l\u00f5pule protsess, et need riigid liituksid juba niigi ajalooliste Aabrahami kokkulepetega. T\u00e4nan teid t\u00e4helepanu eest!\u201c<\/p>\n<p>Trump kirjutas, et \u00fchel v\u00f5i kahel riigil on p\u00f5hjus sellest loobuda ja seda aktsepteeritakse, kuid enamik peaks olema valmis, tahtlikud ja v\u00f5imelised muutma kokkuleppe Iraaniga \u201epalju ajaloolisemaks s\u00fcndmuseks, kui see muidu oleks\u201c.<\/p>\n<p>Ta v\u00e4itis ka, et Aabrahami kokkulepped on neis osalevatele riikidele (Araabia \u00dchendemiraadid, Bahrein, Maroko ja Sudaan) osutunud rahaliseks, majanduslikuks ja sotsiaalseks edulooks. <\/p>\n<p>L\u00e4his-Idas on aastak\u00fcmneid valitsenud p\u00f5him\u00f5te, et \u00fckski araabia riik ei tee Iisraeliga rahu enne, kui Palestiina k\u00fcsimus on lahendatud ja palestiinlased saavad oma riigi.<\/p>\n<p>USA vahendusel s\u00f5lmisid Araabia \u00dchendemiraadid, Bahrein, Maroko ja Sudaan Iisraeliga 2020. aastal diplomaatilised lepingud, et suhteid normaliseerida. <\/p>\n<p>Kuidas see lugu Sind end tundma pani? Saada <a href=\"https:\/\/www.delfi.ee\/artikkel\/120586238\/trump-nouan-kohustuslikus-korras-et-koik-riigid-allkirjastaksid-viivitamatult-aabrahami-kokkulepped\/kommentaarid\" class=\"article-body-bottom__comment article-body-bottom__comment--write button button--primary button--size-auto\" rel=\"nofollow noopener\" target=\"_blank\"> Kommenteeri <\/a><a href=\"https:\/\/www.delfi.ee\/artikkel\/120586238\/trump-nouan-kohustuslikus-korras-et-koik-riigid-allkirjastaksid-viivitamatult-aabrahami-kokkulepped\/kommentaarid\" class=\"article-body-bottom__comment article-body-bottom__comment--read button button--size-auto\" rel=\"nofollow noopener\" target=\"_blank\"> Loe kommentaare (55)<\/a><\/p>\n","protected":false},"excerpt":{"rendered":"\u201eN\u00f5uan kohustuslikus korras, et k\u00f5ik riigid allkirjastaksid viivitamatult Aabrahami kokkulepped. Kui Iraan allkirjastab lepingu minuga kui Ameerika \u00dchendriikide&hellip;\n","protected":false},"author":2,"featured_media":186872,"comment_status":"","ping_status":"","sticky":false,"template":"","format":"standard","meta":{"footnotes":"","_share_on_mastodon":"0"},"categories":[80],"tags":[26,27,324,37,33,35,34,36,31,32,21,1925,4376,28,29,95,19,25,23,24,4814,22,462,20,30,92,93,94],"class_list":["post-186871","post","type-post","status-publish","format-standard","has-post-thumbnail","category-maailm","tag-breaking-news","tag-breakingnews","tag-donald-trump","tag-ee","tag-eesti","tag-eesti-keel","tag-estonia","tag-estonian","tag-featured-news","tag-featurednews","tag-headlines","tag-iraan","tag-lahis-ida","tag-latest-news","tag-latestnews","tag-maailm","tag-news","tag-populaarseimad-lood","tag-top-stories","tag-topstories","tag-truth-social","tag-uldised-uudised","tag-usa-president","tag-uudised","tag-viimased-uudised","tag-world","tag-world-news","tag-worldnews"],"share_on_mastodon":{"url":"https:\/\/pubeurope.com\/@ee\/116635812873169730","error":""},"_links":{"self":[{"href":"https:\/\/www.europesays.com\/ee\/wp-json\/wp\/v2\/posts\/186871","targetHints":{"allow":["GET"]}}],"collection":[{"href":"https:\/\/www.europesays.com\/ee\/wp-json\/wp\/v2\/posts"}],"about":[{"href":"https:\/\/www.europesays.com\/ee\/wp-json\/wp\/v2\/types\/post"}],"author":[{"embeddable":true,"href":"https:\/\/www.europesays.com\/ee\/wp-json\/wp\/v2\/users\/2"}],"replies":[{"embeddable":true,"href":"https:\/\/www.europesays.com\/ee\/wp-json\/wp\/v2\/comments?post=186871"}],"version-history":[{"count":0,"href":"https:\/\/www.europesays.com\/ee\/wp-json\/wp\/v2\/posts\/186871\/revisions"}],"wp:featuredmedia":[{"embeddable":true,"href":"https:\/\/www.europesays.com\/ee\/wp-json\/wp\/v2\/media\/186872"}],"wp:attachment":[{"href":"https:\/\/www.europesays.com\/ee\/wp-json\/wp\/v2\/media?parent=186871"}],"wp:term":[{"taxonomy":"category","embeddable":true,"href":"https:\/\/www.europesays.com\/ee\/wp-json\/wp\/v2\/categories?post=186871"},{"taxonomy":"post_tag","embeddable":true,"href":"https:\/\/www.europesays.com\/ee\/wp-json\/wp\/v2\/tags?post=186871"}],"curies":[{"name":"wp","href":"https:\/\/api.w.org\/{rel}","templated":true}]}}