{"id":186932,"date":"2026-05-25T16:03:10","date_gmt":"2026-05-25T16:03:10","guid":{"rendered":"https:\/\/www.europesays.com\/ee\/186932\/"},"modified":"2026-05-25T16:03:10","modified_gmt":"2026-05-25T16:03:10","slug":"ma-sn-valjakule-ausalt-noor-prantslane-voitles-french-openil-kohulahtisuse-ja-jonnaka-kohtunikuga","status":"publish","type":"post","link":"https:\/\/www.europesays.com\/ee\/186932\/","title":{"rendered":"\u201eMa s***n v\u00e4ljakule, ausalt!\u201c Noor prantslane v\u00f5itles French Openil k\u00f5hulahtisuse ja jonnaka kohtunikuga"},"content":{"rendered":"<p>Arthur Gea, kes p\u00e4\u00e4ses <a rel=\"noopener nofollow\" target=\"_blank\" href=\"https:\/\/www.delfi.ee\/teema\/56498432\/french-open\" tag-id=\"56498432\">French Openi<\/a> p\u00f5hitabelisse korraldajatelt saadud vabap\u00e4\u00e4smega, kaotas p\u00fchap\u00e4eval avaringis venelasele Karen Hat\u0161anovile (ATP 15.) 3:6, 6:7, 0:6.<\/p>\n<p>Tennises on tavap\u00e4raselt vetsupausid lubatud vaid settide vahel. Gea k\u00fcsis vetsu juba avaseti jooksul. \u201eMa ei j\u00f5ua oodata. See pole nali,\u201c anus ta pukikohtunikku.<\/p>\n<p>Kohtunik selgitas, et ei saa settide vahel teda v\u00e4lja lubada. Gea j\u00e4tkas protestimist ja p\u00f5rutas siis viimases h\u00e4das: \u201eMa s***n sellele kuradi v\u00e4ljakule!\u201c<\/p>\n<p>K\u00fcsimusele, kas tal on m\u00f5ni meditsiiniline mure, vastas Gea prantsuse keeles, et on kimpus k\u00f5hulahtisusega. Kuid ka see ei veennud \u00f5igusem\u00f5istjaid &#8211; pukikohtunik allub ka oma \u00fclevaatajale, kellega selliseid eriolukordi raadiosaatja kaudu arutatakse. Hat\u0161anov oli samal ajal segaduses ega saanud aru, miks m\u00e4ngu seisak on tekkinud.<\/p>\n<p>Peale pooleli olnud geimi l\u00f5ppu lubati Geal siiski meditsiinilistel p\u00f5hjustel tualetti minna. \u00dchtlasi anti talle k\u00f5huprobleemide leevenduseks rohtu, kirjutab Yahoo Sports. <\/p>\n<p>Gea r\u00e4\u00e4kis peale mat\u0161i, et tundis end laup\u00e4eval veel h\u00e4sti, kuid p\u00fchap\u00e4eval \u00fcles \u00e4rgates juba haiglaselt. \u201eM\u00e4ngu ajal l\u00e4ks see veel hullemaks. Ma pidin minema v\u00e4ga kiiresti tualetti,\u201c vahendab Associated Press prantslase kommentaari.<\/p>\n<p>Gea alistanud Hat\u0161anov, kes omab turniiril 13. asetust, kohtub kolmap\u00e4eval teises ringis argentiinlase Marco Trungellitiga (ATP 81.).<\/p>\n<p><a href=\"http:\/\/sport.delfi.ee\/artikkel\/120585714\/soome-djokovici-sunnipaevatorti-kuulame-lajalit-ja-raismad-ning-vaagime-french-openi-tabeleid#dalrel-in-article\" class=\"content-embedded-articles-single__embedded-article\" data-v-469265ed=\"\" rel=\"nofollow noopener\" target=\"_blank\"><\/p>\n<p> 22.05.2026 <\/p>\n<p> S\u00f6\u00f6me Djokovici s\u00fcnnip\u00e4evatorti, kuulame Lajalit ja Raismad ning vaagime French Openi tabeleid  (13) <\/p>\n<p><\/a>Kuidas see lugu Sind end tundma pani? Saada <a href=\"https:\/\/sport.delfi.ee\/artikkel\/120586245\/ma-s-n-valjakule-ausalt-noor-prantslane-voitles-french-openil-kohulahtisuse-ja-jonnaka-kohtunikuga\/kommentaarid\" class=\"article-body-bottom__comment article-body-bottom__comment--write button button--primary button--size-auto\" rel=\"nofollow noopener\" target=\"_blank\"> Kommenteeri <\/a><a href=\"https:\/\/sport.delfi.ee\/artikkel\/120586245\/ma-s-n-valjakule-ausalt-noor-prantslane-voitles-french-openil-kohulahtisuse-ja-jonnaka-kohtunikuga\/kommentaarid\" class=\"article-body-bottom__comment article-body-bottom__comment--read button button--size-auto\" rel=\"nofollow noopener\" target=\"_blank\"> Loe kommentaare (4)<\/a><\/p>\n","protected":false},"excerpt":{"rendered":"Arthur Gea, kes p\u00e4\u00e4ses French Openi p\u00f5hitabelisse korraldajatelt saadud vabap\u00e4\u00e4smega, kaotas p\u00fchap\u00e4eval avaringis venelasele Karen Hat\u0161anovile (ATP 15.)&hellip;\n","protected":false},"author":2,"featured_media":186933,"comment_status":"","ping_status":"","sticky":false,"template":"","format":"standard","meta":{"footnotes":"","_share_on_mastodon":"0"},"categories":[18],"tags":[37,33,35,34,36,80441,159,158],"class_list":["post-186932","post","type-post","status-publish","format-standard","has-post-thumbnail","category-sport","tag-ee","tag-eesti","tag-eesti-keel","tag-estonia","tag-estonian","tag-french-open","tag-sport","tag-sports"],"share_on_mastodon":{"url":"https:\/\/pubeurope.com\/@ee\/116636064373943964","error":""},"_links":{"self":[{"href":"https:\/\/www.europesays.com\/ee\/wp-json\/wp\/v2\/posts\/186932","targetHints":{"allow":["GET"]}}],"collection":[{"href":"https:\/\/www.europesays.com\/ee\/wp-json\/wp\/v2\/posts"}],"about":[{"href":"https:\/\/www.europesays.com\/ee\/wp-json\/wp\/v2\/types\/post"}],"author":[{"embeddable":true,"href":"https:\/\/www.europesays.com\/ee\/wp-json\/wp\/v2\/users\/2"}],"replies":[{"embeddable":true,"href":"https:\/\/www.europesays.com\/ee\/wp-json\/wp\/v2\/comments?post=186932"}],"version-history":[{"count":0,"href":"https:\/\/www.europesays.com\/ee\/wp-json\/wp\/v2\/posts\/186932\/revisions"}],"wp:featuredmedia":[{"embeddable":true,"href":"https:\/\/www.europesays.com\/ee\/wp-json\/wp\/v2\/media\/186933"}],"wp:attachment":[{"href":"https:\/\/www.europesays.com\/ee\/wp-json\/wp\/v2\/media?parent=186932"}],"wp:term":[{"taxonomy":"category","embeddable":true,"href":"https:\/\/www.europesays.com\/ee\/wp-json\/wp\/v2\/categories?post=186932"},{"taxonomy":"post_tag","embeddable":true,"href":"https:\/\/www.europesays.com\/ee\/wp-json\/wp\/v2\/tags?post=186932"}],"curies":[{"name":"wp","href":"https:\/\/api.w.org\/{rel}","templated":true}]}}