{"id":186998,"date":"2026-05-25T17:25:47","date_gmt":"2026-05-25T17:25:47","guid":{"rendered":"https:\/\/www.europesays.com\/ee\/186998\/"},"modified":"2026-05-25T17:25:47","modified_gmt":"2026-05-25T17:25:47","slug":"opositsioon-ei-ole-rahul-kohtla-jarvel-lasteaiatasu-kaotamisega-eesti","status":"publish","type":"post","link":"https:\/\/www.europesays.com\/ee\/186998\/","title":{"rendered":"Opositsioon ei ole rahul Kohtla-J\u00e4rvel lasteaiatasu kaotamisega | Eesti"},"content":{"rendered":"<p>Kohtla-J\u00e4rvel otsustas keskerakondlik v\u00f5im t\u00e4ita oma lubaduse ja kaotada lasteaiatasu. Opositsioon peab sammu populismiks, mis on liigne kulu linnaeelarvele.<\/p>\n<p>Kohtla-J\u00e4rvel plaanitakse lasteaedade osalustasu kaotada samm-sammult. Tulude v\u00e4henemist prognoositakse aastas umbes pool miljonit eurot. Keskerakond loodab selle osaliselt katta linna haridusv\u00f5rgustiku \u00fcmberkorraldamisest saadavast kokkuhoiust.<\/p>\n<p>&#8220;Lastele peab haridus olema tasuta nii koolides kui ka lasteaedades, kus lapsed peavad k\u00e4ima, et valmistada neid kooliks ette. Seep\u00e4rast oligi see otsus tehtud, et vanematel oleks v\u00f5imalus panna lapsed lasteaeda. Et nad ei istuks kodus, vaid saaksid oma hariduse lasteaias,&#8221; s\u00f5nas Kohtla-J\u00e4rve abilinnapea Ljudmilla Latt.<\/p>\n<p>Linnav\u00f5imu arvutuste kohaselt osalustasu kadudes lasteaedade eelarve ei v\u00e4hene. Opositsioon sellega ei n\u00f5ustu ja leiab, et otsus hakkab kajastuma \u00f5ppekvaliteedis, kuna lasteaedadel pole tulevikus enam eelarves \u00f5ppevahendite ostmiseks piisavalt raha.<\/p>\n<p>\u00c4ra peaks lasteaiatasu Kohtla-J\u00e4rvel kaduma kolme aasta p\u00e4rast ehk j\u00e4rgmiste kohalike valimiste eelseks perioodiks. Opositsiooni arvates ongi otsuse taga Keskerakonna poliitilised arvestused.<\/p>\n<p>&#8220;Loomulikult ei tehta seda meie linnaelanike huvides, vaid erakonna huvides, et siis j\u00e4rgmistel valimistel h\u00e4\u00e4li saada. Keskerakonna valijate hulk Kohtla-J\u00e4rvel v\u00e4heneb, sest 2029. aastast enam halli passi omanikud h\u00e4\u00e4letada ei saa. Ja ju on tore poolteist kuud enne valimisi \u00f6elda, et n\u00e4ete, meil on n\u00fc\u00fcd tasuta lasteaiad,&#8221; r\u00e4\u00e4kis Kohtla-J\u00e4rve opositsiooniliider Jaanek Pahka.<\/p>\n<p>Praegu k\u00e4ib Kohtla-J\u00e4rvel lasteaias peaaegu tuhat last.<\/p>\n<p>Kohtla-J\u00e4rvel on ainuv\u00f5imul Keskerakond, kellel on volikogus 21-st kohast 14.<\/p>\n","protected":false},"excerpt":{"rendered":"Kohtla-J\u00e4rvel otsustas keskerakondlik v\u00f5im t\u00e4ita oma lubaduse ja kaotada lasteaiatasu. Opositsioon peab sammu populismiks, mis on liigne kulu&hellip;\n","protected":false},"author":2,"featured_media":186999,"comment_status":"","ping_status":"","sticky":false,"template":"","format":"standard","meta":{"footnotes":"","_share_on_mastodon":"0"},"categories":[5],"tags":[26,27,37,33,35,34,36,31,32,21,6926,7417,28,29,19,25,23,24,22,20,30],"class_list":["post-186998","post","type-post","status-publish","format-standard","has-post-thumbnail","category-uldised-uudised","tag-breaking-news","tag-breakingnews","tag-ee","tag-eesti","tag-eesti-keel","tag-estonia","tag-estonian","tag-featured-news","tag-featurednews","tag-headlines","tag-kohtla-jarve","tag-lasteaed","tag-latest-news","tag-latestnews","tag-news","tag-populaarseimad-lood","tag-top-stories","tag-topstories","tag-uldised-uudised","tag-uudised","tag-viimased-uudised"],"share_on_mastodon":{"url":"https:\/\/pubeurope.com\/@ee\/116636390697440946","error":""},"_links":{"self":[{"href":"https:\/\/www.europesays.com\/ee\/wp-json\/wp\/v2\/posts\/186998","targetHints":{"allow":["GET"]}}],"collection":[{"href":"https:\/\/www.europesays.com\/ee\/wp-json\/wp\/v2\/posts"}],"about":[{"href":"https:\/\/www.europesays.com\/ee\/wp-json\/wp\/v2\/types\/post"}],"author":[{"embeddable":true,"href":"https:\/\/www.europesays.com\/ee\/wp-json\/wp\/v2\/users\/2"}],"replies":[{"embeddable":true,"href":"https:\/\/www.europesays.com\/ee\/wp-json\/wp\/v2\/comments?post=186998"}],"version-history":[{"count":0,"href":"https:\/\/www.europesays.com\/ee\/wp-json\/wp\/v2\/posts\/186998\/revisions"}],"wp:featuredmedia":[{"embeddable":true,"href":"https:\/\/www.europesays.com\/ee\/wp-json\/wp\/v2\/media\/186999"}],"wp:attachment":[{"href":"https:\/\/www.europesays.com\/ee\/wp-json\/wp\/v2\/media?parent=186998"}],"wp:term":[{"taxonomy":"category","embeddable":true,"href":"https:\/\/www.europesays.com\/ee\/wp-json\/wp\/v2\/categories?post=186998"},{"taxonomy":"post_tag","embeddable":true,"href":"https:\/\/www.europesays.com\/ee\/wp-json\/wp\/v2\/tags?post=186998"}],"curies":[{"name":"wp","href":"https:\/\/api.w.org\/{rel}","templated":true}]}}