{"id":187022,"date":"2026-05-25T17:57:41","date_gmt":"2026-05-25T17:57:41","guid":{"rendered":"https:\/\/www.europesays.com\/ee\/187022\/"},"modified":"2026-05-25T17:57:41","modified_gmt":"2026-05-25T17:57:41","slug":"teedele-tulevad-pikemad-ja-raskemad-autorongid","status":"publish","type":"post","link":"https:\/\/www.europesays.com\/ee\/187022\/","title":{"rendered":"Teedele tulevad pikemad ja raskemad autorongid"},"content":{"rendered":"<p class=\"western\">Eriloaga n\u00e4hakse ette tehnilised lisan\u00f5uded s\u00f5iduki t\u00e4histamise, v\u00f5imsuse, rehvide ja keskkonnanormide kohta ning loa andja saab kehtestada ka ajapiiranguid.<\/p>\n<p class=\"western\">Praegu tohivad Eesti teedel s\u00f5ita valdavalt kuni 18,75 meetri pikkused ja 44 tonni rasked autorongid. Edaspidi saab eriloaga kasutada kuni 25,25meetriseid ja 60tonniseid autoronge. Muudatusel on majanduslik m\u00f5ju, see aitab v\u00e4hendada ettev\u00f5tete veokulusid, liikluskoormust maanteedel ja transpordi keskkonnam\u00f5ju.<\/p>\n<p>Kuidas see lugu Sind end tundma pani? Saada <a href=\"https:\/\/maaleht.delfi.ee\/artikkel\/120583376\/teedele-tulevad-pikemad-ja-raskemad-autorongid\/kommentaarid\" class=\"article-body-bottom__comment article-body-bottom__comment--write button button--primary button--size-auto\" rel=\"nofollow noopener\" target=\"_blank\"> Kommenteeri <\/a><a href=\"https:\/\/maaleht.delfi.ee\/artikkel\/120583376\/teedele-tulevad-pikemad-ja-raskemad-autorongid\/kommentaarid\" class=\"article-body-bottom__comment article-body-bottom__comment--read button button--size-auto\" rel=\"nofollow noopener\" target=\"_blank\"> Loe kommentaare (86)<\/a><\/p>\n","protected":false},"excerpt":{"rendered":"Eriloaga n\u00e4hakse ette tehnilised lisan\u00f5uded s\u00f5iduki t\u00e4histamise, v\u00f5imsuse, rehvide ja keskkonnanormide kohta ning loa andja saab kehtestada ka&hellip;\n","protected":false},"author":2,"featured_media":187023,"comment_status":"","ping_status":"","sticky":false,"template":"","format":"standard","meta":{"footnotes":"","_share_on_mastodon":"0"},"categories":[12],"tags":[1687,11618,26,27,37,33,35,34,36,31,32,21,28,29,19,25,2705,23,24,22,20,30],"class_list":["post-187022","post","type-post","status-publish","format-standard","has-post-thumbnail","category-eesti","tag-alar-karis","tag-autorong","tag-breaking-news","tag-breakingnews","tag-ee","tag-eesti","tag-eesti-keel","tag-estonia","tag-estonian","tag-featured-news","tag-featurednews","tag-headlines","tag-latest-news","tag-latestnews","tag-news","tag-populaarseimad-lood","tag-seadus","tag-top-stories","tag-topstories","tag-uldised-uudised","tag-uudised","tag-viimased-uudised"],"share_on_mastodon":{"url":"https:\/\/pubeurope.com\/@ee\/116636512702121091","error":""},"_links":{"self":[{"href":"https:\/\/www.europesays.com\/ee\/wp-json\/wp\/v2\/posts\/187022","targetHints":{"allow":["GET"]}}],"collection":[{"href":"https:\/\/www.europesays.com\/ee\/wp-json\/wp\/v2\/posts"}],"about":[{"href":"https:\/\/www.europesays.com\/ee\/wp-json\/wp\/v2\/types\/post"}],"author":[{"embeddable":true,"href":"https:\/\/www.europesays.com\/ee\/wp-json\/wp\/v2\/users\/2"}],"replies":[{"embeddable":true,"href":"https:\/\/www.europesays.com\/ee\/wp-json\/wp\/v2\/comments?post=187022"}],"version-history":[{"count":0,"href":"https:\/\/www.europesays.com\/ee\/wp-json\/wp\/v2\/posts\/187022\/revisions"}],"wp:featuredmedia":[{"embeddable":true,"href":"https:\/\/www.europesays.com\/ee\/wp-json\/wp\/v2\/media\/187023"}],"wp:attachment":[{"href":"https:\/\/www.europesays.com\/ee\/wp-json\/wp\/v2\/media?parent=187022"}],"wp:term":[{"taxonomy":"category","embeddable":true,"href":"https:\/\/www.europesays.com\/ee\/wp-json\/wp\/v2\/categories?post=187022"},{"taxonomy":"post_tag","embeddable":true,"href":"https:\/\/www.europesays.com\/ee\/wp-json\/wp\/v2\/tags?post=187022"}],"curies":[{"name":"wp","href":"https:\/\/api.w.org\/{rel}","templated":true}]}}