{"id":187024,"date":"2026-05-25T17:58:12","date_gmt":"2026-05-25T17:58:12","guid":{"rendered":"https:\/\/www.europesays.com\/ee\/187024\/"},"modified":"2026-05-25T17:58:12","modified_gmt":"2026-05-25T17:58:12","slug":"paavst-leo-hoiatab-tehisintellekti-eest-see-ohutab-sojategevust","status":"publish","type":"post","link":"https:\/\/www.europesays.com\/ee\/187024\/","title":{"rendered":"Paavst Leo hoiatab tehisintellekti eest: see \u00f5hutab s\u00f5jategevust"},"content":{"rendered":"<p>Tema esitatud ettepanekud n\u00e4evad ette eristuva \u201einimkonna suuruse\u201c kaitsmist kiiresti muutuvas maailmas ja tehisintellekti kasutamise allutamist \u201ek\u00f5ige rangematele eetilistele piirangutele\u201c just s\u00f5japidamises.<\/p>\n<p>Kuigi v\u00e4rske ents\u00fcklika keskendub tehisintellektile, ulatub tekst tehnoloogiak\u00fcsimustest kaugemale, puudutades kogu inimkonna ees seisvaid kriise. Paavsti s\u00f5nul on traditsiooniline kristlik \u201e\u00f5iglase s\u00f5ja\u201c teooria, mis s\u00e4testab s\u00f5jategevust \u00f5igustavad tingimused, n\u00fc\u00fcdseks aegunud. <\/p>\n<p>Ta r\u00f5hutas, et s\u00f5jalist j\u00f5udu tohib kasutada vaid k\u00f5ige kitsamas t\u00e4henduses enesekaitseks, hoiatades, et v\u00e4givallal ja relvadel on tsiviilelanikkonnale alati katastroofilised tagaj\u00e4rjed.<\/p>\n<p>\u201eMaailma \u00fclesehitamine pidevas konfliktis on kurjus ja seda tuleb nimetada \u00f5ige nimega,\u201c kirjutab paavst, lisades, et inimkonnal on elu edendamiseks ja erimeelsuste lahendamiseks palju t\u00f5husamad vahendid, nagu dialoog, diplomaatia ja andestus. \u00dchtlasi nimetas ta sotsiaalse \u00f5igluse lakmuspaberiks migrantide ja pagulaste kohtlemist ning vabandas kiriku nimel orjuse ajaloolise legitimeerimise ja selle hukkam\u00f5istmisega viivitamise p\u00e4rast.<\/p>\n<p>Paavsti j\u00f5uline vastuseis s\u00f5jategevusele j\u00e4rgneb USA asepresidendi J. D. Vance\u2019i kriitikale. Vance m\u00e4rkis hiljuti, et paavst peaks teoloogilistest k\u00fcsimustest r\u00e4\u00e4kides olema ettevaatlikum. <\/p>\n<p>See oli reaktsioon katoliku kirikupea \u00e4gedale hukkam\u00f5istule USA ja Iisraeli \u00fchiste r\u00fcnnakute aadressil Iraanis ning liidrite noomimisele, kes kasutavad s\u00f5ja \u00f5igustamiseks religioosset keelt.<\/p>\n<p>Esmasp\u00e4eval <a rel=\"noopener nofollow\" target=\"_blank\" href=\"https:\/\/www.delfi.ee\/teema\/24139725\/vatikan\" tag-id=\"24139725\">Vatikanis<\/a> oma manifesti esitlenud Leo XIV kordas, et inimkond peab uutele v\u00e4ljakutsetele vastu astuma m\u00f5istuse ja erinevate vaatenurkade kuulamise abil. <\/p>\n<p>Tema s\u00f5nul m\u00f5jutab tehisintellekt juba praegu inimeste kooseksisteerimist ja otsuseid: \u201etunnen, et mulle on usaldatud vaadata seda tohutut muutust usu silmadega, selge m\u00f5istusega, avatult m\u00fcsteeriumile ning vaeste ja maa karjete kaja s\u00fcdames.\u201c<\/p>\n<p>Kuidas see lugu Sind end tundma pani? Saada <a href=\"https:\/\/www.delfi.ee\/artikkel\/120586270\/paavst-leo-hoiatab-tehisintellekti-eest-see-ohutab-sojategevust\/kommentaarid\" class=\"article-body-bottom__comment article-body-bottom__comment--write button button--primary button--size-auto\" rel=\"nofollow noopener\" target=\"_blank\"> Kommenteeri <\/a><a href=\"https:\/\/www.delfi.ee\/artikkel\/120586270\/paavst-leo-hoiatab-tehisintellekti-eest-see-ohutab-sojategevust\/kommentaarid\" class=\"article-body-bottom__comment article-body-bottom__comment--read button button--size-auto\" rel=\"nofollow noopener\" target=\"_blank\"> Loe kommentaare (2)<\/a><\/p>\n","protected":false},"excerpt":{"rendered":"Tema esitatud ettepanekud n\u00e4evad ette eristuva \u201einimkonna suuruse\u201c kaitsmist kiiresti muutuvas maailmas ja tehisintellekti kasutamise allutamist \u201ek\u00f5ige rangematele&hellip;\n","protected":false},"author":2,"featured_media":187025,"comment_status":"","ping_status":"","sticky":false,"template":"","format":"standard","meta":{"footnotes":"","_share_on_mastodon":"0"},"categories":[5],"tags":[26,27,37,33,35,34,36,31,32,21,28,29,19,10493,25,373,23,24,22,20,4852,30],"class_list":["post-187024","post","type-post","status-publish","format-standard","has-post-thumbnail","category-uldised-uudised","tag-breaking-news","tag-breakingnews","tag-ee","tag-eesti","tag-eesti-keel","tag-estonia","tag-estonian","tag-featured-news","tag-featurednews","tag-headlines","tag-latest-news","tag-latestnews","tag-news","tag-paavst-leo-xiv","tag-populaarseimad-lood","tag-tehisintellekt","tag-top-stories","tag-topstories","tag-uldised-uudised","tag-uudised","tag-vatikan","tag-viimased-uudised"],"share_on_mastodon":{"url":"https:\/\/pubeurope.com\/@ee\/116636516723017294","error":""},"_links":{"self":[{"href":"https:\/\/www.europesays.com\/ee\/wp-json\/wp\/v2\/posts\/187024","targetHints":{"allow":["GET"]}}],"collection":[{"href":"https:\/\/www.europesays.com\/ee\/wp-json\/wp\/v2\/posts"}],"about":[{"href":"https:\/\/www.europesays.com\/ee\/wp-json\/wp\/v2\/types\/post"}],"author":[{"embeddable":true,"href":"https:\/\/www.europesays.com\/ee\/wp-json\/wp\/v2\/users\/2"}],"replies":[{"embeddable":true,"href":"https:\/\/www.europesays.com\/ee\/wp-json\/wp\/v2\/comments?post=187024"}],"version-history":[{"count":0,"href":"https:\/\/www.europesays.com\/ee\/wp-json\/wp\/v2\/posts\/187024\/revisions"}],"wp:featuredmedia":[{"embeddable":true,"href":"https:\/\/www.europesays.com\/ee\/wp-json\/wp\/v2\/media\/187025"}],"wp:attachment":[{"href":"https:\/\/www.europesays.com\/ee\/wp-json\/wp\/v2\/media?parent=187024"}],"wp:term":[{"taxonomy":"category","embeddable":true,"href":"https:\/\/www.europesays.com\/ee\/wp-json\/wp\/v2\/categories?post=187024"},{"taxonomy":"post_tag","embeddable":true,"href":"https:\/\/www.europesays.com\/ee\/wp-json\/wp\/v2\/tags?post=187024"}],"curies":[{"name":"wp","href":"https:\/\/api.w.org\/{rel}","templated":true}]}}