{"id":187037,"date":"2026-05-25T18:19:09","date_gmt":"2026-05-25T18:19:09","guid":{"rendered":"https:\/\/www.europesays.com\/ee\/187037\/"},"modified":"2026-05-25T18:19:09","modified_gmt":"2026-05-25T18:19:09","slug":"miks-kujunes-nato-hirmutamiseks-moeldud-mig-ist-suurim-oht-hoopis-vene-lenduritele-endile","status":"publish","type":"post","link":"https:\/\/www.europesays.com\/ee\/187037\/","title":{"rendered":"Miks kujunes NATO hirmutamiseks m\u00f5eldud MiG-ist suurim oht hoopis Vene lenduritele endile?"},"content":{"rendered":"<p>N\u00f5ukogude r\u00fcndelennukist MiG-27 pidi saama k\u00fclma s\u00f5ja ajal Euroopa jaoks hirmu\u00e4ratav relv: madalalt ja kiiresti lendav muudetava tiivanoolsusega lennuk, mis pidi r\u00fcndama NATO tanke, soomukeid ja maapealseid sihtm\u00e4rke. Tegelikult sai sellest hea n\u00e4ide, kuidas paberil v\u00e4ga v\u00f5imas relv v\u00f5ib osutuda omadele ohtlikumaks kui vaenlastele.<\/p>\n<p>MiG-27 loodi h\u00e4vitaja MiG-23 baasil, mis N\u00f5ukogude Liidu l\u00f5pus oli Eestis asunud N\u00f5ukogude lennuv\u00e4ebaasides k\u00f5ige tavalisem lahingulennuk. Kuid kui MiG-23 oli m\u00f5eldud \u00f5huv\u00f5itluseks, siis MiG-27 tehti \u00fcmber maav\u00e4gede r\u00fcndamiseks. Lennuk sai teistsuguse ninaosa, lihtsama j\u00f5useadme ja relvastuse, mis pidi sobima madallennul antavateks l\u00f6\u00f6kideks. Teoorias oli k\u00f5ik loogiline: N\u00f5ukogude Liit valmistas end ette suureks s\u00f5jaks Euroopas, kus maastikul liiguksid hiiglaslikud soomuskolonnid ning r\u00fcndelennuk oleks nende vastu v\u00f5itlemisel t\u00e4htsal kohal.<\/p>\n<p>Oled juba tellija?Logi sisse<\/p>\n<p><a href=\"https:\/\/forte.delfi.ee\/artikkel\/120586219\/miks-kujunes-nato-hirmutamiseks-moeldud-mig-ist-suurim-oht-hoopis-vene-lenduritele-endile\/kommentaarid\" class=\"article-body-bottom__comment article-body-bottom__comment--write button button--primary button--size-auto\" rel=\"nofollow noopener\" target=\"_blank\"> Kommenteeri <\/a><a href=\"https:\/\/forte.delfi.ee\/artikkel\/120586219\/miks-kujunes-nato-hirmutamiseks-moeldud-mig-ist-suurim-oht-hoopis-vene-lenduritele-endile\/kommentaarid\" class=\"article-body-bottom__comment article-body-bottom__comment--read button button--size-auto\" rel=\"nofollow noopener\" target=\"_blank\"> Loe kommentaare (10)<\/a><\/p>\n","protected":false},"excerpt":{"rendered":"N\u00f5ukogude r\u00fcndelennukist MiG-27 pidi saama k\u00fclma s\u00f5ja ajal Euroopa jaoks hirmu\u00e4ratav relv: madalalt ja kiiresti lendav muudetava tiivanoolsusega&hellip;\n","protected":false},"author":2,"featured_media":187038,"comment_status":"","ping_status":"","sticky":false,"template":"","format":"standard","meta":{"footnotes":"","_share_on_mastodon":"0"},"categories":[12],"tags":[26,27,37,33,35,34,36,31,32,21,28,29,19,25,12270,23,24,22,20,30],"class_list":["post-187037","post","type-post","status-publish","format-standard","has-post-thumbnail","category-eesti","tag-breaking-news","tag-breakingnews","tag-ee","tag-eesti","tag-eesti-keel","tag-estonia","tag-estonian","tag-featured-news","tag-featurednews","tag-headlines","tag-latest-news","tag-latestnews","tag-news","tag-populaarseimad-lood","tag-sojandus","tag-top-stories","tag-topstories","tag-uldised-uudised","tag-uudised","tag-viimased-uudised"],"share_on_mastodon":{"url":"https:\/\/pubeurope.com\/@ee\/116636599351725300","error":""},"_links":{"self":[{"href":"https:\/\/www.europesays.com\/ee\/wp-json\/wp\/v2\/posts\/187037","targetHints":{"allow":["GET"]}}],"collection":[{"href":"https:\/\/www.europesays.com\/ee\/wp-json\/wp\/v2\/posts"}],"about":[{"href":"https:\/\/www.europesays.com\/ee\/wp-json\/wp\/v2\/types\/post"}],"author":[{"embeddable":true,"href":"https:\/\/www.europesays.com\/ee\/wp-json\/wp\/v2\/users\/2"}],"replies":[{"embeddable":true,"href":"https:\/\/www.europesays.com\/ee\/wp-json\/wp\/v2\/comments?post=187037"}],"version-history":[{"count":0,"href":"https:\/\/www.europesays.com\/ee\/wp-json\/wp\/v2\/posts\/187037\/revisions"}],"wp:featuredmedia":[{"embeddable":true,"href":"https:\/\/www.europesays.com\/ee\/wp-json\/wp\/v2\/media\/187038"}],"wp:attachment":[{"href":"https:\/\/www.europesays.com\/ee\/wp-json\/wp\/v2\/media?parent=187037"}],"wp:term":[{"taxonomy":"category","embeddable":true,"href":"https:\/\/www.europesays.com\/ee\/wp-json\/wp\/v2\/categories?post=187037"},{"taxonomy":"post_tag","embeddable":true,"href":"https:\/\/www.europesays.com\/ee\/wp-json\/wp\/v2\/tags?post=187037"}],"curies":[{"name":"wp","href":"https:\/\/api.w.org\/{rel}","templated":true}]}}