{"id":187063,"date":"2026-05-25T18:52:09","date_gmt":"2026-05-25T18:52:09","guid":{"rendered":"https:\/\/www.europesays.com\/ee\/187063\/"},"modified":"2026-05-25T18:52:09","modified_gmt":"2026-05-25T18:52:09","slug":"karude-rohkus-on-pannud-inimesed-ostma-karuspreid-eesti","status":"publish","type":"post","link":"https:\/\/www.europesays.com\/ee\/187063\/","title":{"rendered":"Karude rohkus on pannud inimesed ostma karuspreid | Eesti"},"content":{"rendered":"<p>Karusprei on mitmest jahipoest \u00e4ra ostetud. Kaugele m\u00f5juv pipragaas on tavavarustuse osaks n\u00e4iteks metsaistutajatele, kes aina sagedamini karudega trehvavad.<\/p>\n<p>Nad t\u00f6\u00f6tavad p\u00e4evade kaupa metsas ega tee palju k\u00e4ra. Metsloomadega ootamatu kohtumise v\u00e4ltimiseks on p\u00f5hjust endast aegajalt m\u00e4rku anda.<\/p>\n<p>Kilingi-N\u00f5mme l\u00e4hedal valmistub metsamees noori puid istutama. Kaasa on loomade vastu enesekaitseks v\u00f5etud vile.<\/p>\n<p>&#8220;Olen karusid n\u00e4inud, j\u00e4neseid n\u00e4inud, p\u00f5trasid. Aga pigem kardan karusid,&#8221; \u00fctles metsaistutaja Rivo V\u00f5igas.<\/p>\n<p>Aastas panevad erametsaomanikud ja RMK kokku lankidele peaaegu 40 miljonit istikut. See on vaikne t\u00f6\u00f6 ja k\u00e4ib kogenud istutajal nobedasti. Nad on metsaelajate keskkonnas. R\u00e4stikuhammustuse vastu on vahendid kaasas. Viimastel aastatel peab rohkem vaatama, et karule peale ei satu.<\/p>\n<p>&#8220;Kuskil 40 meetrit meist karu jalutas. Ta n\u00e4gi k\u00fcll meid, aga \u00f5nneks ta vaikselt jalutas. Me ei pidanud hirmuga jooksma hakkama, aga me hakkasime taganema sealt v\u00e4ga vaikselt,&#8221; \u00fctles V\u00f5igas.<\/p>\n<p>Mees n\u00e4itab gaasiballooni, kuid ei soovita seda &#8211; karu jaoks on pigem m\u00f5tet kasutada karuspreid, mis m\u00f5jub k\u00fcmne meetri kaugusele. T\u00f5epoolest &#8211; jahipoes selliseid m\u00fc\u00fcakse. Kuid need on otsa saanud.<\/p>\n<p>&#8220;Need karuspreid on \u00e4ra ostetud, sest nad on karuspreid. On j\u00e4\u00e4nud need kodukaitse spreid j\u00e4rgi. P\u00f5him\u00f5tteliselt on see \u00fcks ja sama asi &#8211; pipragaas. Mis ta teeb eriliseks, on see, et ta pritsib h\u00e4sti kaugele,&#8221; r\u00e4\u00e4kis Jahipauna klienditeenindaja Kalev Kuzmin.<\/p>\n<p>Karu \u00fcldiselt ei r\u00fcnda inimest, kui ta just ei arva, et peab poegi kaitsma. Karupere tuleb rahule j\u00e4tta, mitte sattuda ema ja poegade vahele. Metsas laagriplatsil v\u00f5ivad teda k\u00f6ita piknikuliste maiuspalad.<\/p>\n<p>Vihale aetud elukas v\u00f5ib kallale tulla. &#8220;Kui ta on mingil p\u00f5hjusel vihaseks saanud, siis ta v\u00f5ib ka seda teha. Ja siis see pipragaas, mis pritsib 10 meetri peale, annab v\u00f5imaluse, et kui ta silma saab, siis ta lihtsalt ei n\u00e4e, kuhu tulla,&#8221; \u00fctles Kuzmin.<\/p>\n","protected":false},"excerpt":{"rendered":"Karusprei on mitmest jahipoest \u00e4ra ostetud. Kaugele m\u00f5juv pipragaas on tavavarustuse osaks n\u00e4iteks metsaistutajatele, kes aina sagedamini karudega&hellip;\n","protected":false},"author":2,"featured_media":187064,"comment_status":"","ping_status":"","sticky":false,"template":"","format":"standard","meta":{"footnotes":"","_share_on_mastodon":"0"},"categories":[12],"tags":[26,27,37,33,35,34,36,31,32,21,9671,81394,28,29,19,25,23,24,22,20,30],"class_list":["post-187063","post","type-post","status-publish","format-standard","has-post-thumbnail","category-eesti","tag-breaking-news","tag-breakingnews","tag-ee","tag-eesti","tag-eesti-keel","tag-estonia","tag-estonian","tag-featured-news","tag-featurednews","tag-headlines","tag-karud","tag-karusprei","tag-latest-news","tag-latestnews","tag-news","tag-populaarseimad-lood","tag-top-stories","tag-topstories","tag-uldised-uudised","tag-uudised","tag-viimased-uudised"],"share_on_mastodon":{"url":"https:\/\/pubeurope.com\/@ee\/116636729083101624","error":""},"_links":{"self":[{"href":"https:\/\/www.europesays.com\/ee\/wp-json\/wp\/v2\/posts\/187063","targetHints":{"allow":["GET"]}}],"collection":[{"href":"https:\/\/www.europesays.com\/ee\/wp-json\/wp\/v2\/posts"}],"about":[{"href":"https:\/\/www.europesays.com\/ee\/wp-json\/wp\/v2\/types\/post"}],"author":[{"embeddable":true,"href":"https:\/\/www.europesays.com\/ee\/wp-json\/wp\/v2\/users\/2"}],"replies":[{"embeddable":true,"href":"https:\/\/www.europesays.com\/ee\/wp-json\/wp\/v2\/comments?post=187063"}],"version-history":[{"count":0,"href":"https:\/\/www.europesays.com\/ee\/wp-json\/wp\/v2\/posts\/187063\/revisions"}],"wp:featuredmedia":[{"embeddable":true,"href":"https:\/\/www.europesays.com\/ee\/wp-json\/wp\/v2\/media\/187064"}],"wp:attachment":[{"href":"https:\/\/www.europesays.com\/ee\/wp-json\/wp\/v2\/media?parent=187063"}],"wp:term":[{"taxonomy":"category","embeddable":true,"href":"https:\/\/www.europesays.com\/ee\/wp-json\/wp\/v2\/categories?post=187063"},{"taxonomy":"post_tag","embeddable":true,"href":"https:\/\/www.europesays.com\/ee\/wp-json\/wp\/v2\/tags?post=187063"}],"curies":[{"name":"wp","href":"https:\/\/api.w.org\/{rel}","templated":true}]}}