{"id":187277,"date":"2026-05-26T05:08:08","date_gmt":"2026-05-26T05:08:08","guid":{"rendered":"https:\/\/www.europesays.com\/ee\/187277\/"},"modified":"2026-05-26T05:08:08","modified_gmt":"2026-05-26T05:08:08","slug":"lavrov-teatas-rubiole-et-venemaa-hakkab-andma-susteemseid-ja-jarjekindlaid-looke-kiievile","status":"publish","type":"post","link":"https:\/\/www.europesays.com\/ee\/187277\/","title":{"rendered":"Lavrov teatas Rubiole, et Venemaa hakkab andma s\u00fcsteemseid ja j\u00e4rjekindlaid l\u00f6\u00f6ke Kiievile"},"content":{"rendered":"<p>\u201eVene F\u00f6deratsiooni presidendi V. V. Putini korraldusel edastas S. V. Lavrov <a rel=\"noopener nofollow\" target=\"_blank\" href=\"https:\/\/www.delfi.ee\/teema\/24645751\/ameerika\" tag-id=\"24645751\">Ameerika<\/a> poolele ametlikult informatsiooni selle kohta, et vastuseks Kiievi re\u017eiimi j\u00e4tkuvatele terrorir\u00fcnnakutele rahumeelse elanikkonna ja tsiviilobjektide vastu Venemaa territooriumil asuvad Vene F\u00f6deratsiooni relvaj\u00f5ud andma s\u00fcsteemseid ja j\u00e4rjekindlaid l\u00f6\u00f6ke Kiievis asuvate objektide pihta, mida kasutatakse Ukraina relvaj\u00f5udude vajadusteks, ja vastavate otsuste langetamise keskuste pihta,\u201c \u00f6eldakse teates, vahendab Interfax.<\/p>\n<p>Lavrov juhtis Rubio t\u00e4helepanu Venemaa v\u00e4lisministeeriumi eilsele teatele, milles USA-l ja teistel Kiievis esindust omavatel riikidel soovitatakse oma diplomaatiline personal ja teised kodanikud evakueerida.<\/p>\n<p>Oled juba tellija?Logi sisse<\/p>\n<p><a href=\"https:\/\/www.delfi.ee\/artikkel\/120586298\/lavrov-teatas-rubiole-et-venemaa-hakkab-andma-susteemseid-ja-jarjekindlaid-looke-kiievile\/kommentaarid\" class=\"article-body-bottom__comment article-body-bottom__comment--write button button--primary button--size-auto\" rel=\"nofollow noopener\" target=\"_blank\"> Kommenteeri <\/a><a href=\"https:\/\/www.delfi.ee\/artikkel\/120586298\/lavrov-teatas-rubiole-et-venemaa-hakkab-andma-susteemseid-ja-jarjekindlaid-looke-kiievile\/kommentaarid\" class=\"article-body-bottom__comment article-body-bottom__comment--read button button--size-auto\" rel=\"nofollow noopener\" target=\"_blank\"> Loe kommentaare (13)<\/a><\/p>\n","protected":false},"excerpt":{"rendered":"\u201eVene F\u00f6deratsiooni presidendi V. V. Putini korraldusel edastas S. V. Lavrov Ameerika poolele ametlikult informatsiooni selle kohta, et&hellip;\n","protected":false},"author":2,"featured_media":187278,"comment_status":"","ping_status":"","sticky":false,"template":"","format":"standard","meta":{"footnotes":"","_share_on_mastodon":"0"},"categories":[80],"tags":[461,1179,26,27,37,33,35,34,36,31,32,21,1925,1208,28,29,95,1894,19,25,3795,107,23,24,22,325,20,96,30,661,92,93,94],"class_list":["post-187277","post","type-post","status-publish","format-standard","has-post-thumbnail","category-maailm","tag-ameerika","tag-anchorage","tag-breaking-news","tag-breakingnews","tag-ee","tag-eesti","tag-eesti-keel","tag-estonia","tag-estonian","tag-featured-news","tag-featurednews","tag-headlines","tag-iraan","tag-kiiev","tag-latest-news","tag-latestnews","tag-maailm","tag-marco-rubio","tag-news","tag-populaarseimad-lood","tag-sergei-lavrov","tag-soda-ukrainas","tag-top-stories","tag-topstories","tag-uldised-uudised","tag-usa","tag-uudised","tag-venemaa","tag-viimased-uudised","tag-vladimir-putin","tag-world","tag-world-news","tag-worldnews"],"share_on_mastodon":{"url":"https:\/\/pubeurope.com\/@ee\/116639151207592840","error":""},"_links":{"self":[{"href":"https:\/\/www.europesays.com\/ee\/wp-json\/wp\/v2\/posts\/187277","targetHints":{"allow":["GET"]}}],"collection":[{"href":"https:\/\/www.europesays.com\/ee\/wp-json\/wp\/v2\/posts"}],"about":[{"href":"https:\/\/www.europesays.com\/ee\/wp-json\/wp\/v2\/types\/post"}],"author":[{"embeddable":true,"href":"https:\/\/www.europesays.com\/ee\/wp-json\/wp\/v2\/users\/2"}],"replies":[{"embeddable":true,"href":"https:\/\/www.europesays.com\/ee\/wp-json\/wp\/v2\/comments?post=187277"}],"version-history":[{"count":0,"href":"https:\/\/www.europesays.com\/ee\/wp-json\/wp\/v2\/posts\/187277\/revisions"}],"wp:featuredmedia":[{"embeddable":true,"href":"https:\/\/www.europesays.com\/ee\/wp-json\/wp\/v2\/media\/187278"}],"wp:attachment":[{"href":"https:\/\/www.europesays.com\/ee\/wp-json\/wp\/v2\/media?parent=187277"}],"wp:term":[{"taxonomy":"category","embeddable":true,"href":"https:\/\/www.europesays.com\/ee\/wp-json\/wp\/v2\/categories?post=187277"},{"taxonomy":"post_tag","embeddable":true,"href":"https:\/\/www.europesays.com\/ee\/wp-json\/wp\/v2\/tags?post=187277"}],"curies":[{"name":"wp","href":"https:\/\/api.w.org\/{rel}","templated":true}]}}