{"id":187348,"date":"2026-05-26T06:49:09","date_gmt":"2026-05-26T06:49:09","guid":{"rendered":"https:\/\/www.europesays.com\/ee\/187348\/"},"modified":"2026-05-26T06:49:09","modified_gmt":"2026-05-26T06:49:09","slug":"liina-kersna-peame-erilise-hoolega-tagama-rahvusringhaalingu-soltumatuse-arvamus","status":"publish","type":"post","link":"https:\/\/www.europesays.com\/ee\/187348\/","title":{"rendered":"Liina Kersna: peame erilise hoolega tagama rahvusringh\u00e4\u00e4lingu s\u00f5ltumatuse | Arvamus"},"content":{"rendered":"<p>Oleme riigikogus avanud arutelu muudatusettepaneku \u00fcle, mis \u00fctleks seaduse tasandil, et rahvusringh\u00e4\u00e4lingu n\u00f5ukogus oleks tunnustatud valdkondlikke asjatundjaid rohkem kui fraktsioonide esindajaid. Seega on meie eesm\u00e4rk ERR-i poliitilist s\u00f5ltumatust suurendada, kirjutab Liina Kersna.<\/p>\n<p>Selle aasta veebruaris menetlesime riigikogus Eesti Konservatiivse Rahvaerakonna seaduseeln\u00f5u, mille eesm\u00e4rgiks oli rahvusringh\u00e4\u00e4lingu kui institutsiooni lammutamine ja erastamine. Seekord j\u00e4i EKRE oma initsiatiiviga \u00fcksi, sest nagu \u00fctles Isamaa esimees Urmas Reinsalu: &#8220;Isamaa vaates ei olnud EKRE initsiatiiv k\u00fcps&#8221;.<\/p>\n<p>Rahvusringh\u00e4\u00e4lingu laialisaatmisest v\u00f5i erastamisest on poliitilisel tasandil r\u00e4\u00e4gitud varemgi, viimati veerand sajandit tagasi. Toonane arutelu t\u00f5ukus erakanalite v\u00f5itlusest reklaamiraha eest.<\/p>\n<p>K\u00f5ik poliitilised katsed rahvusringh\u00e4\u00e4lingut likvideerida on seni siiski p\u00e4\u00e4dinud t\u00f5demusega, et s\u00f5ltumatu avalik-\u00f5igusliku ringh\u00e4\u00e4lingu roll demokraatliku riigi toimimisel on m\u00f6\u00f6dap\u00e4\u00e4smatult vajalik ja fundamentaalne. Avalik-\u00f5igusliku ringh\u00e4\u00e4lingu p\u00f5him\u00f5tteline v\u00e4\u00e4rtus ja idee seisneb selles, et tema sisu pole ostetav ega m\u00fc\u00fcdav. Et ta ei paindu \u00fchegi v\u00f5imu ega v\u00e4e alla, teenides kompromissitult oma rahvast ja kultuuri.<\/p>\n<p>Praeguses tegelikkuses, kus info ja selle k\u00e4sitlemine on muutunud j\u00e4rjest ohtlikumaks relvaks, peame erilise hoole ja vastutustundega tagama rahvusringh\u00e4\u00e4lingu s\u00f5ltumatuse ning sujuva toimimise.<\/p>\n<p>Rahvusringh\u00e4\u00e4lingu k\u00f5rgeim juhtimistasand on n\u00f5ukogu, mille koosseisus on \u00fcks esindaja igast riigikogus esindatud fraktsioonist (kokku kuus) ning neli tunnustatud valdkondlikku asjatundjat. Muuseas, ERR-i n\u00f5ukogus valitsevale poliitikute \u00fclekaalule juhtis juba 2016. aastal t\u00e4helepanu ka riigikontroll. Poliitikute enamus n\u00f5ukogus eristab ERR-i k\u00f5igist teistest avalik-\u00f5iguslikest institutsioonidest, n\u00e4iteks nii rahvusraamatukogust kui ka rahvusooperist Estonia.<\/p>\n<p>Valdkondlikke asjatundjaid valitakse n\u00f5ukokku kultuurikomisjoni algatatud avaliku konkursi kaudu, mille l\u00f5pliku tulemuse \u00fcle h\u00e4\u00e4letab riigikogu suur saal. Aasta tagasi suunati riigikogu otsusega ERR-i n\u00f5ukogusse Raul Rebane ja Paavo N\u00f5gene.<\/p>\n<p>Raul Rebasel on lisaks pikale ja s\u00e4rvale karj\u00e4\u00e4rile Eesti Televisioonis nii ajakirjaniku kui ka programmijuhina seljakotis ka v\u00e4\u00e4rtuslik kogemus erameediast ning meedia\u00f5ppej\u00f5una k\u00f5rgkoolidest. Kuna rahvusringh\u00e4\u00e4lingu roll usaldusv\u00e4\u00e4rse info edastajana suureneb drastiliselt meid \u00fcmbritsevas p\u00f6\u00f6rdumatult muutuvas infov\u00e4ljas, kuluvad ERR-i n\u00f5ukogule kindlasti marjaks Rebase kui k\u00f5rgelt hinnatud ps\u00fchholoogiliste s\u00f5dade ning infom\u00f5jutusteooriate eksperdi teadmised ja oskused.<\/p>\n<p>Kultuurimaastiku kogenud tegija Paavo N\u00f5gene on juhtinud Vanemuise teatrit, kantslerina kultuuriministeeriumi ja osalenud ka varasemalt ERR-i n\u00f5ukogu t\u00f6\u00f6s. Lisaks sellele, et N\u00f5gene tunneb p\u00f5hjalikult kultuuri- ja meediavaldkonda ning m\u00f5istab rahvusringh\u00e4\u00e4lingu olemust ja rolli demokraatlikus riigis, on tema vaieldamatu tugevus pikaajaline kogemus eduka suurettev\u00f5tte juhina.<\/p>\n<p>Tuletan meelde, et nende kahe valdkondliku asjatundja poolt h\u00e4\u00e4letas 50 riigikogu liiget, sealhulgas ka opositsiooni saadikuid. Vastu oli vaid 11 saadikut.<\/p>\n<p>&#8220;Kindlasti pole p\u00f5hjust kahelda, et avaliku konkursiga s\u00f5elume \u00fcheskoos ERR-i n\u00f5ukogusse p\u00e4devad ja lugupeetud asjatundjad.&#8221;<\/p>\n<p>N\u00fc\u00fcd oleme riigikogus avanud arutelu muudatusettepaneku \u00fcle, mis \u00fctleks seaduse tasandil, et rahvusringh\u00e4\u00e4lingu n\u00f5ukogus peab olema tunnustatud valdkondlikke asjatundjaid rohkem kui fraktsioonide esindajaid. Sellisel juhul oleks rahvusringh\u00e4\u00e4lingu k\u00f5rgeimal juhtimistasandil \u00fclekaal ekspertidel, mitte poliitikutel. Seega on meie eesm\u00e4rk rahvusringh\u00e4\u00e4lingu poliitilist s\u00f5ltumatust suurendada.<\/p>\n<p>R\u00f5hutan, selle ettepaneku taga ei ole mitte ainult Reformierakond ega isegi mitte koalitsioon, vaid me oleme seda muudatust valmistanud ette tihedas koost\u00f6\u00f6s hetkel opositsioonis olevate sotsiaaldemokraatidega. Kindlasti pole p\u00f5hjust kahelda, et avaliku konkursiga s\u00f5elume \u00fcheskoos ERR-i n\u00f5ukogusse p\u00e4devad ja lugupeetud asjatundjad, kes p\u00e4lvivad ka riigikogus laialdase toetuse.<\/p>\n<p>Meediaettev\u00f5tete liit on teinud ettepaneku, et valdkondlikke eksperte v\u00f5iksid ERR-i n\u00f5ukogusse nimetada avalik-\u00f5iguslikud \u00fclikoolid. See on hea m\u00f5te. Kultuurikomisjon on ka varasemalt valdkondlikke eksperte valides p\u00f6\u00f6rdunud \u00fclikoolidele poole palvega pakkuda konkursile oma kandidaate akadeemilisest maailmast. Luban seda praktikat j\u00e4tkata ka siis, kui meil on vaja valida j\u00e4rgmised tunnustatud valdkondlikud asjatundjad. Ja miks ei v\u00f5iks lisaks \u00fclikoolidele oma kandidaadid esitada ka teaduste akadeemia?<\/p>\n<p>Usun ja loodan, et riigikogus on piisavalt riigimehelikkust, et valida rahvusringh\u00e4\u00e4lingu n\u00f5ukogusse avatult ja l\u00e4bipaistvalt ausad, p\u00e4devad, targad, omakasup\u00fc\u00fcdmatud ning teenitult tunnustatud valdkondlikud asjatundjad. See on meie kohus Eesti kultuuri hoidmisel, s\u00e4ilitamisel ja arendamisel pea saja aasta jooksul m\u00f5\u00f5tmatu v\u00e4\u00e4rtusega t\u00e4nuv\u00e4\u00e4rset t\u00f6\u00f6d teinud rahvusringh\u00e4\u00e4lingu ees.<\/p>\n","protected":false},"excerpt":{"rendered":"Oleme riigikogus avanud arutelu muudatusettepaneku \u00fcle, mis \u00fctleks seaduse tasandil, et rahvusringh\u00e4\u00e4lingu n\u00f5ukogus oleks tunnustatud valdkondlikke asjatundjaid rohkem&hellip;\n","protected":false},"author":2,"featured_media":187349,"comment_status":"","ping_status":"","sticky":false,"template":"","format":"standard","meta":{"footnotes":"","_share_on_mastodon":"0"},"categories":[5],"tags":[622,26,27,37,33,35,3061,2097,20712,34,36,31,32,21,28,29,11236,588,19,14015,25,9664,73396,3542,3543,7608,640,23,24,22,20,30],"class_list":["post-187348","post","type-post","status-publish","format-standard","has-post-thumbnail","category-uldised-uudised","tag-ajakirjandus","tag-breaking-news","tag-breakingnews","tag-ee","tag-eesti","tag-eesti-keel","tag-eesti-rahvusringhaaling","tag-err","tag-err-i-noukogu","tag-estonia","tag-estonian","tag-featured-news","tag-featurednews","tag-headlines","tag-latest-news","tag-latestnews","tag-liina-kersna","tag-meedia","tag-news","tag-paavo-nogene","tag-populaarseimad-lood","tag-rahvusringhaaling","tag-rahvusringhaalingu-noukogu","tag-rahvusringhaalingu-seadus","tag-rahvusringhaalingu-seaduse-eelnou","tag-raul-rebane","tag-riigikogu","tag-top-stories","tag-topstories","tag-uldised-uudised","tag-uudised","tag-viimased-uudised"],"share_on_mastodon":{"url":"","error":"Validation failed: Text character limit of 500 exceeded"},"_links":{"self":[{"href":"https:\/\/www.europesays.com\/ee\/wp-json\/wp\/v2\/posts\/187348","targetHints":{"allow":["GET"]}}],"collection":[{"href":"https:\/\/www.europesays.com\/ee\/wp-json\/wp\/v2\/posts"}],"about":[{"href":"https:\/\/www.europesays.com\/ee\/wp-json\/wp\/v2\/types\/post"}],"author":[{"embeddable":true,"href":"https:\/\/www.europesays.com\/ee\/wp-json\/wp\/v2\/users\/2"}],"replies":[{"embeddable":true,"href":"https:\/\/www.europesays.com\/ee\/wp-json\/wp\/v2\/comments?post=187348"}],"version-history":[{"count":0,"href":"https:\/\/www.europesays.com\/ee\/wp-json\/wp\/v2\/posts\/187348\/revisions"}],"wp:featuredmedia":[{"embeddable":true,"href":"https:\/\/www.europesays.com\/ee\/wp-json\/wp\/v2\/media\/187349"}],"wp:attachment":[{"href":"https:\/\/www.europesays.com\/ee\/wp-json\/wp\/v2\/media?parent=187348"}],"wp:term":[{"taxonomy":"category","embeddable":true,"href":"https:\/\/www.europesays.com\/ee\/wp-json\/wp\/v2\/categories?post=187348"},{"taxonomy":"post_tag","embeddable":true,"href":"https:\/\/www.europesays.com\/ee\/wp-json\/wp\/v2\/tags?post=187348"}],"curies":[{"name":"wp","href":"https:\/\/api.w.org\/{rel}","templated":true}]}}