{"id":187365,"date":"2026-05-26T07:11:26","date_gmt":"2026-05-26T07:11:26","guid":{"rendered":"https:\/\/www.europesays.com\/ee\/187365\/"},"modified":"2026-05-26T07:11:26","modified_gmt":"2026-05-26T07:11:26","slug":"rahvaalgatusega-noutakse-luhemat-toonadalat-tooandjad-selle-varjatud-kulu-maksab-lopuks-kinni-tarbija","status":"publish","type":"post","link":"https:\/\/www.europesays.com\/ee\/187365\/","title":{"rendered":"Rahvaalgatusega n\u00f5utakse l\u00fchemat t\u00f6\u00f6n\u00e4dalat. T\u00f6\u00f6andjad: selle varjatud kulu maksab l\u00f5puks kinni tarbija"},"content":{"rendered":"<p>Algataja n\u00e4gemuses on praegune, t\u00f6\u00f6stusrevolutsiooni ajastust p\u00e4rinev s\u00fcsteem oma aja \u00e4ra elanud ja p\u00f5hjustanud t\u00f6\u00f6tajate massilist l\u00e4bip\u00f5lemist ning kurnates seel\u00e4bi \u00fclem\u00e4\u00e4ra nii tervishoiu- kui ka sotsiaals\u00fcsteemi. T\u00e4nap\u00e4evane info- ja teenusmajandus n\u00f5uab pikaajalist keskendumist ning pidevat infot\u00f6\u00f6tlust, seisab rahvaalgatuses. <\/p>\n<p>Uuringud viitavad, et inimene on suuteline s\u00fcgavaks ja intensiivseks m\u00f5ttet\u00f6\u00f6ks vaid neli-viis tundi p\u00e4evas. Sealt edasi, kaheksatunnise t\u00f6\u00f6p\u00e4eva teises pooles, v\u00e4heneb paratamatult nii produktiivsus kui ka keskendumisv\u00f5ime, mis muudab t\u00f6\u00f6protsessid aeglasemaks ja vigade tegemise t\u00f5en\u00e4osuse suuremaks.<\/p>\n<p>Oled juba tellija?Logi sisse<\/p>\n<p><a href=\"https:\/\/arileht.delfi.ee\/artikkel\/120586062\/rahvaalgatus-nouab-luhemat-toonadalat-tooandjad-selle-varjatud-kulu-maksab-lopuks-kinni-tarbija\/kommentaarid\" class=\"article-body-bottom__comment article-body-bottom__comment--write button button--primary button--size-auto\" rel=\"nofollow noopener\" target=\"_blank\"> Kommenteeri <\/a><a href=\"https:\/\/arileht.delfi.ee\/artikkel\/120586062\/rahvaalgatus-nouab-luhemat-toonadalat-tooandjad-selle-varjatud-kulu-maksab-lopuks-kinni-tarbija\/kommentaarid\" class=\"article-body-bottom__comment article-body-bottom__comment--read button button--size-auto\" rel=\"nofollow noopener\" target=\"_blank\"> Loe kommentaare (229)<\/a><\/p>\n","protected":false},"excerpt":{"rendered":"Algataja n\u00e4gemuses on praegune, t\u00f6\u00f6stusrevolutsiooni ajastust p\u00e4rinev s\u00fcsteem oma aja \u00e4ra elanud ja p\u00f5hjustanud t\u00f6\u00f6tajate massilist l\u00e4bip\u00f5lemist ning&hellip;\n","protected":false},"author":2,"featured_media":187366,"comment_status":"","ping_status":"","sticky":false,"template":"","format":"standard","meta":{"footnotes":"","_share_on_mastodon":"0"},"categories":[5],"tags":[26,27,37,33,35,5619,2197,34,36,31,32,21,9472,28,29,19,25,6024,2808,23,24,22,20,30],"class_list":["post-187365","post","type-post","status-publish","format-standard","has-post-thumbnail","category-uldised-uudised","tag-breaking-news","tag-breakingnews","tag-ee","tag-eesti","tag-eesti-keel","tag-eesti-tooandjate-keskliit","tag-erkki-keldo","tag-estonia","tag-estonian","tag-featured-news","tag-featurednews","tag-headlines","tag-labipolemine","tag-latest-news","tag-latestnews","tag-news","tag-populaarseimad-lood","tag-tooaeg","tag-tooandjad","tag-top-stories","tag-topstories","tag-uldised-uudised","tag-uudised","tag-viimased-uudised"],"share_on_mastodon":{"url":"https:\/\/pubeurope.com\/@ee\/116639634908796251","error":""},"_links":{"self":[{"href":"https:\/\/www.europesays.com\/ee\/wp-json\/wp\/v2\/posts\/187365","targetHints":{"allow":["GET"]}}],"collection":[{"href":"https:\/\/www.europesays.com\/ee\/wp-json\/wp\/v2\/posts"}],"about":[{"href":"https:\/\/www.europesays.com\/ee\/wp-json\/wp\/v2\/types\/post"}],"author":[{"embeddable":true,"href":"https:\/\/www.europesays.com\/ee\/wp-json\/wp\/v2\/users\/2"}],"replies":[{"embeddable":true,"href":"https:\/\/www.europesays.com\/ee\/wp-json\/wp\/v2\/comments?post=187365"}],"version-history":[{"count":0,"href":"https:\/\/www.europesays.com\/ee\/wp-json\/wp\/v2\/posts\/187365\/revisions"}],"wp:featuredmedia":[{"embeddable":true,"href":"https:\/\/www.europesays.com\/ee\/wp-json\/wp\/v2\/media\/187366"}],"wp:attachment":[{"href":"https:\/\/www.europesays.com\/ee\/wp-json\/wp\/v2\/media?parent=187365"}],"wp:term":[{"taxonomy":"category","embeddable":true,"href":"https:\/\/www.europesays.com\/ee\/wp-json\/wp\/v2\/categories?post=187365"},{"taxonomy":"post_tag","embeddable":true,"href":"https:\/\/www.europesays.com\/ee\/wp-json\/wp\/v2\/tags?post=187365"}],"curies":[{"name":"wp","href":"https:\/\/api.w.org\/{rel}","templated":true}]}}