{"id":187407,"date":"2026-05-26T08:02:12","date_gmt":"2026-05-26T08:02:12","guid":{"rendered":"https:\/\/www.europesays.com\/ee\/187407\/"},"modified":"2026-05-26T08:02:12","modified_gmt":"2026-05-26T08:02:12","slug":"legendaarne-gael-monfils-jattis-prantsusmaa-lahtiste-publikuga-huvasti","status":"publish","type":"post","link":"https:\/\/www.europesays.com\/ee\/187407\/","title":{"rendered":"Legendaarne Ga\u00ebl Monfils j\u00e4ttis Prantsusmaa lahtiste publikuga h\u00fcvasti"},"content":{"rendered":"<p>Monfils, kes on v\u00e4lja \u00f6elnud, et 2026. aasta j\u00e4\u00e4b tema jaoks profitennises viimaseks, l\u00e4ks esmasp\u00e4eva \u00f5htul Prantsusmaa lahtiste avaringis kokku kaasmaalase Hugo Gastoniga (ATP 118.). Kohtumist olid turniiri peav\u00e4ljakule Philippe-Chatrierile vaatama tulnud k\u00f5ik Prantsusmaa tennise viimaste k\u00fcmnendite suurimad nimed, eesotsas Jo-Wilfried Tsonga, Gilles Simoni ja Richard Gasquet\u00b4ga.<\/p>\n<p>\u00d6\u00f6tundideni veninud mat\u0161 kujunes viiesetiliseks. Esimesed kaks setti v\u00f5itis Gaston numbritega 6:2 ja 6:3, kolmanda ja neljanda omakorda Monfils vastavalt 6:3 ja 6:2. Otsustavaks viiendaks setiks Monfilsil enam energiat ei jagunud. Gaston v\u00f5itis selle 33 minutiga ja kindlustas koha teises ringis, kus l\u00e4heb kokku argentiinlase Francisco Cerundologa (ATP 26.).<\/p>\n<p>Kohtumise j\u00e4rel t\u00e4nas Monfils v\u00e4ljakul mikrofoni r\u00e4\u00e4kides talle viimast korda kaasa elama tulnud tuhandeid Prantsuse tennisef\u00e4nne. Monfils tegi Prantsusmaa lahtiste deb\u00fc\u00fcdi juba 2004. aastal ning turniiril on ta kokku m\u00e4nginud 18 korda. Parimal juhul, 2008. aastal j\u00f5udis ta Pariisis poolfinaali, mis t\u00e4histab \u00fcldse tema parimat tulemust suure sl\u00e4mmi turniiridelt.<\/p>\n<p>\u201e\u00dctlen ausalt, see polnud tavaline kohtumine. Tulin v\u00e4ljakule t\u00e4iesti teistsuguse tundega. Tundsin end h\u00e4sti, aga samas ei tundunud ka. Seda on v\u00e4ga raske seletada, sest kui ma v\u00e4ljakule l\u00e4ksin, ei tundnud ma end nii h\u00e4sti kui viis minutit varem. Tunne oli selline, nagu sooviksid asju h\u00e4sti teha. See paneb sind v\u00e4ga keerulisse olukorda,\u201c r\u00e4\u00e4kis Monfils.<\/p>\n<p><a rel=\"noopener nofollow\" target=\"_blank\" href=\"https:\/\/www.delfi.ee\/teema\/71535677\/prantsusmaa-lahtised\" tag-id=\"71535677\">Prantsusmaa lahtised<\/a> pole Monfilsi jaoks karj\u00e4\u00e4ri viimane turniir. K\u00f5igi eelduste kohaselt toimub prantslase \u201eviimane tants\u201c novembri alguses Pariisis toimuval ATP Masters-sarja turniiril.<\/p>\n<p>\u201eMinu soov on olla sportlane, kes m\u00e4ngib 40. eluaastani,\u201c avaldas Monfils, kelle s\u00fcnnip\u00e4ev on 1. septembril. \u201eNagu Stan (Wawrinka), nagu LeBron (James), nagu Cristiano (Ronaldo) ja nagu k\u00f5ik teised sportlased, kes on suutnud oma alaga tegeleda 40. eluaastani. See on mu eesm\u00e4rk. Mis iganes suvel ka ei juhtuks, olen ma treeningutele p\u00fchendunud.\u201c<\/p>\n<p>Prantsusmaa lahtiste meeste turniiril esmasp\u00e4eval favoriidid ei v\u00e4\u00e4ratanud. 2022. ja 2023. aastal Pariisis finaalis m\u00e4nginud norralane Casper Ruud (ATP 16.) v\u00f5itles m\u00e4ngus venelase Roman Safiulliniga (ATP 141.) krampide ja pearinglusega, kuid suutis viies setis kolme tunni ja 52 minutiga v\u00f5ita 6:2, 7:6 (5), 5:7, 0:6, 6:2. Maailma viies reket, ameeriklane Ben Shelton alistas tunni ja 41 minutiga hispaanlase Daniel Merida Aguilari (ATP 86.) 6:3, 6:3, 6:3.<\/p>\n<p>Kuidas see lugu Sind end tundma pani? Saada <a href=\"https:\/\/sport.delfi.ee\/artikkel\/120586302\/legendaarne-gael-monfils-jattis-prantsusmaa-lahtiste-publikuga-huvasti\/kommentaarid\" class=\"article-body-bottom__comment article-body-bottom__comment--write button button--primary button--size-auto\" rel=\"nofollow noopener\" target=\"_blank\"> Kommenteeri <\/a><a href=\"https:\/\/sport.delfi.ee\/artikkel\/120586302\/legendaarne-gael-monfils-jattis-prantsusmaa-lahtiste-publikuga-huvasti\/kommentaarid\" class=\"article-body-bottom__comment article-body-bottom__comment--read button button--size-auto\" rel=\"nofollow noopener\" target=\"_blank\"> Loe kommentaare <\/a><\/p>\n","protected":false},"excerpt":{"rendered":"Monfils, kes on v\u00e4lja \u00f6elnud, et 2026. aasta j\u00e4\u00e4b tema jaoks profitennises viimaseks, l\u00e4ks esmasp\u00e4eva \u00f5htul Prantsusmaa lahtiste&hellip;\n","protected":false},"author":2,"featured_media":187408,"comment_status":"","ping_status":"","sticky":false,"template":"","format":"standard","meta":{"footnotes":"","_share_on_mastodon":"0"},"categories":[18],"tags":[2429,37,33,35,34,36,79455,159,158,2827],"class_list":["post-187407","post","type-post","status-publish","format-standard","has-post-thumbnail","category-sport","tag-atp","tag-ee","tag-eesti","tag-eesti-keel","tag-estonia","tag-estonian","tag-prantsusmaa-lahtised","tag-sport","tag-sports","tag-tennis"],"share_on_mastodon":{"url":"https:\/\/pubeurope.com\/@ee\/116639835336293366","error":""},"_links":{"self":[{"href":"https:\/\/www.europesays.com\/ee\/wp-json\/wp\/v2\/posts\/187407","targetHints":{"allow":["GET"]}}],"collection":[{"href":"https:\/\/www.europesays.com\/ee\/wp-json\/wp\/v2\/posts"}],"about":[{"href":"https:\/\/www.europesays.com\/ee\/wp-json\/wp\/v2\/types\/post"}],"author":[{"embeddable":true,"href":"https:\/\/www.europesays.com\/ee\/wp-json\/wp\/v2\/users\/2"}],"replies":[{"embeddable":true,"href":"https:\/\/www.europesays.com\/ee\/wp-json\/wp\/v2\/comments?post=187407"}],"version-history":[{"count":0,"href":"https:\/\/www.europesays.com\/ee\/wp-json\/wp\/v2\/posts\/187407\/revisions"}],"wp:featuredmedia":[{"embeddable":true,"href":"https:\/\/www.europesays.com\/ee\/wp-json\/wp\/v2\/media\/187408"}],"wp:attachment":[{"href":"https:\/\/www.europesays.com\/ee\/wp-json\/wp\/v2\/media?parent=187407"}],"wp:term":[{"taxonomy":"category","embeddable":true,"href":"https:\/\/www.europesays.com\/ee\/wp-json\/wp\/v2\/categories?post=187407"},{"taxonomy":"post_tag","embeddable":true,"href":"https:\/\/www.europesays.com\/ee\/wp-json\/wp\/v2\/tags?post=187407"}],"curies":[{"name":"wp","href":"https:\/\/api.w.org\/{rel}","templated":true}]}}