{"id":187509,"date":"2026-05-26T09:55:08","date_gmt":"2026-05-26T09:55:08","guid":{"rendered":"https:\/\/www.europesays.com\/ee\/187509\/"},"modified":"2026-05-26T09:55:08","modified_gmt":"2026-05-26T09:55:08","slug":"naine-puudis-poest-varastada-11-000-euro-eest-kaupa-kuid-jai-vahele","status":"publish","type":"post","link":"https:\/\/www.europesays.com\/ee\/187509\/","title":{"rendered":"Naine p\u00fc\u00fcdis poest varastada 11 000 euro eest kaupa, kuid j\u00e4i vahele"},"content":{"rendered":"<p>Juhtum sai alguse 19. mail, kui \u00fche Tartu kaupluse turvat\u00f6\u00f6taja teatas politseile naisest, kes p\u00fc\u00fcdis poest lahkuda ligi 11 000 euro v\u00e4\u00e4rtuses kaubaga selle eest maksmata. Kahtlustuse kohaselt oli naine ladunud ostuk\u00e4russe suurel hulgal tehnikat, riideid, alkoholi ja muud kaupa. Turvat\u00f6\u00f6taja j\u00e4lgis naise liikumist ning pidas ta kinni p\u00e4rast seda, kui ta oli kassast maksmata m\u00f6\u00f6dunud.<\/p>\n","protected":false},"excerpt":{"rendered":"Juhtum sai alguse 19. mail, kui \u00fche Tartu kaupluse turvat\u00f6\u00f6taja teatas politseile naisest, kes p\u00fc\u00fcdis poest lahkuda ligi&hellip;\n","protected":false},"author":2,"featured_media":187510,"comment_status":"","ping_status":"","sticky":false,"template":"","format":"standard","meta":{"footnotes":"","_share_on_mastodon":"0"},"categories":[12],"tags":[26,27,37,33,35,81476,34,36,31,32,21,66417,81474,81473,7137,74766,28,29,19,4955,25,10094,249,23,24,81477,22,20,19305,81475,30],"class_list":["post-187509","post","type-post","status-publish","format-standard","has-post-thumbnail","category-eesti","tag-breaking-news","tag-breakingnews","tag-ee","tag-eesti","tag-eesti-keel","tag-ehitusobjekt","tag-estonia","tag-estonian","tag-featured-news","tag-featurednews","tag-headlines","tag-kahju-huvitamine","tag-kaupluse-turvatootaja","tag-korduvkuritegevus","tag-kriminaalmenetlus","tag-kuritegude-ennetamine","tag-latest-news","tag-latestnews","tag-news","tag-poevargus","tag-populaarseimad-lood","tag-prokuratuur","tag-tartu","tag-top-stories","tag-topstories","tag-tornkraana","tag-uldised-uudised","tag-uudised","tag-vahistamine","tag-vara-rikkumine","tag-viimased-uudised"],"share_on_mastodon":{"url":"https:\/\/pubeurope.com\/@ee\/116640279712154360","error":""},"_links":{"self":[{"href":"https:\/\/www.europesays.com\/ee\/wp-json\/wp\/v2\/posts\/187509","targetHints":{"allow":["GET"]}}],"collection":[{"href":"https:\/\/www.europesays.com\/ee\/wp-json\/wp\/v2\/posts"}],"about":[{"href":"https:\/\/www.europesays.com\/ee\/wp-json\/wp\/v2\/types\/post"}],"author":[{"embeddable":true,"href":"https:\/\/www.europesays.com\/ee\/wp-json\/wp\/v2\/users\/2"}],"replies":[{"embeddable":true,"href":"https:\/\/www.europesays.com\/ee\/wp-json\/wp\/v2\/comments?post=187509"}],"version-history":[{"count":0,"href":"https:\/\/www.europesays.com\/ee\/wp-json\/wp\/v2\/posts\/187509\/revisions"}],"wp:featuredmedia":[{"embeddable":true,"href":"https:\/\/www.europesays.com\/ee\/wp-json\/wp\/v2\/media\/187510"}],"wp:attachment":[{"href":"https:\/\/www.europesays.com\/ee\/wp-json\/wp\/v2\/media?parent=187509"}],"wp:term":[{"taxonomy":"category","embeddable":true,"href":"https:\/\/www.europesays.com\/ee\/wp-json\/wp\/v2\/categories?post=187509"},{"taxonomy":"post_tag","embeddable":true,"href":"https:\/\/www.europesays.com\/ee\/wp-json\/wp\/v2\/tags?post=187509"}],"curies":[{"name":"wp","href":"https:\/\/api.w.org\/{rel}","templated":true}]}}