{"id":187732,"date":"2026-05-26T13:45:07","date_gmt":"2026-05-26T13:45:07","guid":{"rendered":"https:\/\/www.europesays.com\/ee\/187732\/"},"modified":"2026-05-26T13:45:07","modified_gmt":"2026-05-26T13:45:07","slug":"meistrite-liigata-jaanud-milan-korraldas-suurpuhastuse-aga-zlatan-jatkab-jalgpall","status":"publish","type":"post","link":"https:\/\/www.europesays.com\/ee\/187732\/","title":{"rendered":"Meistrite liigata j\u00e4\u00e4nud Milan korraldas suurpuhastuse, aga Zlatan j\u00e4tkab | Jalgpall"},"content":{"rendered":"<p>Itaalia jalgpallihiid AC Milan l\u00f5petas Serie A hooaja viienda kohaga, j\u00e4\u00e4b eemale j\u00e4rgmise hooaja Meistrite liigast ning otsustas klubis seepeale suurpuhastuse teha.<\/p>\n<p>Viimati 2022. aastal Itaalia meistriks kroonitud AC Milan v\u00f5itles veel kuu aega tagasi teise koha eest, aga kaotas siis liigahooaja viimasest neljast m\u00e4ngust kolm.<\/p>\n<p>Hooaja viimasel p\u00e4eval oleks Milan Ragnar Klavani endise koduklubi Cagliari alistamisega v\u00e4hemalt taganud koha j\u00e4rgmise hooaja Meistrite liigas, ent Milan kaotas 14. kohal l\u00f5petanud meeskonnale 1:2 ning et endise tippm\u00e4ngija Cesc Fabregase juhendatav Como sai jagu Cremonesest, l\u00f5petasid nemad Milani ees neljandal kohal.<\/p>\n<p>AC Milani ameeriklastest omanikud, investeerimisgrupp RedBird, otsustasid seej\u00e4rel klubis suurpuhastuse teha. Vallandati nii peatreener Massimiliano Allegri kui tegevjuht Giorgio Furlani, samuti said kinga spordidirektor Igli Tare ja tehniline direktor Geoffrey Moncada.<\/p>\n<p>&#8220;Hooaja l\u00f5pusirge ei olnud vastav selle ajani pakutud esitustega ning eilne [p\u00fchap\u00e4evane] pettumust valmistanud kaotus muutis hooaja t\u00e4ielikuks l\u00e4bikukkumiseks,&#8221; avaldas RedBird esmasp\u00e4eval pressiteates.<\/p>\n<p>K\u00fcll s\u00e4ilitas oma t\u00f6\u00f6koha klubi n\u00f5unikuna Rootsi jalgpallilegend Zlatan Ibrahimovic ja Itaalia meedia kirjutab, et RedBirdi omanik Gerry Cardinale toetub klubi restruktureerimisel just klubi eest l\u00e4bi aastate 94 v\u00e4ravat l\u00f6\u00f6nud r\u00fcndaja teadmistele.<\/p>\n","protected":false},"excerpt":{"rendered":"Itaalia jalgpallihiid AC Milan l\u00f5petas Serie A hooaja viienda kohaga, j\u00e4\u00e4b eemale j\u00e4rgmise hooaja Meistrite liigast ning otsustas&hellip;\n","protected":false},"author":2,"featured_media":187733,"comment_status":"","ping_status":"","sticky":false,"template":"","format":"standard","meta":{"footnotes":"","_share_on_mastodon":"0"},"categories":[18],"tags":[1076,37,33,35,34,36,2755,1079,1082,159,158,42288],"class_list":["post-187732","post","type-post","status-publish","format-standard","has-post-thumbnail","category-sport","tag-ac-milan","tag-ee","tag-eesti","tag-eesti-keel","tag-estonia","tag-estonian","tag-itaalia-jalgpalli-korgliiga","tag-massimiliano-allegri","tag-serie-a","tag-sport","tag-sports","tag-zlatan-ibrahimovic"],"share_on_mastodon":{"url":"https:\/\/pubeurope.com\/@ee\/116641184267891757","error":""},"_links":{"self":[{"href":"https:\/\/www.europesays.com\/ee\/wp-json\/wp\/v2\/posts\/187732","targetHints":{"allow":["GET"]}}],"collection":[{"href":"https:\/\/www.europesays.com\/ee\/wp-json\/wp\/v2\/posts"}],"about":[{"href":"https:\/\/www.europesays.com\/ee\/wp-json\/wp\/v2\/types\/post"}],"author":[{"embeddable":true,"href":"https:\/\/www.europesays.com\/ee\/wp-json\/wp\/v2\/users\/2"}],"replies":[{"embeddable":true,"href":"https:\/\/www.europesays.com\/ee\/wp-json\/wp\/v2\/comments?post=187732"}],"version-history":[{"count":0,"href":"https:\/\/www.europesays.com\/ee\/wp-json\/wp\/v2\/posts\/187732\/revisions"}],"wp:featuredmedia":[{"embeddable":true,"href":"https:\/\/www.europesays.com\/ee\/wp-json\/wp\/v2\/media\/187733"}],"wp:attachment":[{"href":"https:\/\/www.europesays.com\/ee\/wp-json\/wp\/v2\/media?parent=187732"}],"wp:term":[{"taxonomy":"category","embeddable":true,"href":"https:\/\/www.europesays.com\/ee\/wp-json\/wp\/v2\/categories?post=187732"},{"taxonomy":"post_tag","embeddable":true,"href":"https:\/\/www.europesays.com\/ee\/wp-json\/wp\/v2\/tags?post=187732"}],"curies":[{"name":"wp","href":"https:\/\/api.w.org\/{rel}","templated":true}]}}