{"id":187770,"date":"2026-05-26T14:20:21","date_gmt":"2026-05-26T14:20:21","guid":{"rendered":"https:\/\/www.europesays.com\/ee\/187770\/"},"modified":"2026-05-26T14:20:21","modified_gmt":"2026-05-26T14:20:21","slug":"rootsi-langetab-energiahindade-tousu-tottu-uhistranspordi-piletihindu-valismaa","status":"publish","type":"post","link":"https:\/\/www.europesays.com\/ee\/187770\/","title":{"rendered":"Rootsi langetab energiahindade t\u00f5usu t\u00f5ttu \u00fchistranspordi piletihindu | V\u00e4lismaa"},"content":{"rendered":"<p>Rootsi parempoolne valitsus soovib leevendada energiahindade t\u00f5usu m\u00f5ju ning langetab \u00fchistranspordi kuukaartide hindu poole v\u00f5rra.<\/p>\n<p>Soodustus kehtib 1. juulist kuni 31. detsembrini 2026. ja meetmed l\u00e4hevad riigikassale maksma umbes 6,5 miljardit Rootsi krooni (umbes 600 miljonit eurot).\u00a0<\/p>\n<p>Otsus puudutab kogu Rootsit ning selle eesm\u00e4rk on muuta \u00fchistransport inimestele odavamaks ajal, mil elukallidus riigis kasvab.<\/p>\n<p>Valitsus teatas, et soovib energiakriisi ajal majapidamisi toetada. Rootsi on varem langetanud ka k\u00fctuseaktsiisi ja toidukaupade k\u00e4ibemaksu.<\/p>\n<p>&#8220;Isegi kui s\u00f5da homme l\u00f5peb, on sellel majanduslikud tagaj\u00e4rjed \u00fclej\u00e4\u00e4nud aastaks,&#8221; \u00fctles peaminister Ulf Kristersson.<\/p>\n<p>Rootsis toimuvad parlamendivalimised 13. septembril 2026 ja opositsioon kritiseeris seet\u00f5ttu valitsuse plaani. Sotsiaaldemokraatide esindaja Tobias Baudin \u00fctles, et valitsusel puudub selles k\u00fcsimuses usaldusv\u00e4\u00e4rsus, kuna nende s\u00f5nul on v\u00f5imuliit varem odavama \u00fchistranspordi ettepanekud tagasi l\u00fckanud. Tema s\u00f5nul tahab valitsus valimiste t\u00f5ttu ajutiselt hindu langetada.<\/p>\n","protected":false},"excerpt":{"rendered":"Rootsi parempoolne valitsus soovib leevendada energiahindade t\u00f5usu m\u00f5ju ning langetab \u00fchistranspordi kuukaartide hindu poole v\u00f5rra. Soodustus kehtib 1.&hellip;\n","protected":false},"author":2,"featured_media":187771,"comment_status":"","ping_status":"","sticky":false,"template":"","format":"standard","meta":{"footnotes":"","_share_on_mastodon":"0"},"categories":[80],"tags":[26,27,37,33,35,3976,20163,34,36,31,32,21,43,28,29,95,19,25,889,23,24,2017,22,20,670,30,92,93,94],"class_list":["post-187770","post","type-post","status-publish","format-standard","has-post-thumbnail","category-maailm","tag-breaking-news","tag-breakingnews","tag-ee","tag-eesti","tag-eesti-keel","tag-elukallidus","tag-energiakriis","tag-estonia","tag-estonian","tag-featured-news","tag-featurednews","tag-headlines","tag-hinnatous","tag-latest-news","tag-latestnews","tag-maailm","tag-news","tag-populaarseimad-lood","tag-rootsi","tag-top-stories","tag-topstories","tag-uhistransport","tag-uldised-uudised","tag-uudised","tag-valimised","tag-viimased-uudised","tag-world","tag-world-news","tag-worldnews"],"share_on_mastodon":{"url":"https:\/\/pubeurope.com\/@ee\/116641321767043065","error":""},"_links":{"self":[{"href":"https:\/\/www.europesays.com\/ee\/wp-json\/wp\/v2\/posts\/187770","targetHints":{"allow":["GET"]}}],"collection":[{"href":"https:\/\/www.europesays.com\/ee\/wp-json\/wp\/v2\/posts"}],"about":[{"href":"https:\/\/www.europesays.com\/ee\/wp-json\/wp\/v2\/types\/post"}],"author":[{"embeddable":true,"href":"https:\/\/www.europesays.com\/ee\/wp-json\/wp\/v2\/users\/2"}],"replies":[{"embeddable":true,"href":"https:\/\/www.europesays.com\/ee\/wp-json\/wp\/v2\/comments?post=187770"}],"version-history":[{"count":0,"href":"https:\/\/www.europesays.com\/ee\/wp-json\/wp\/v2\/posts\/187770\/revisions"}],"wp:featuredmedia":[{"embeddable":true,"href":"https:\/\/www.europesays.com\/ee\/wp-json\/wp\/v2\/media\/187771"}],"wp:attachment":[{"href":"https:\/\/www.europesays.com\/ee\/wp-json\/wp\/v2\/media?parent=187770"}],"wp:term":[{"taxonomy":"category","embeddable":true,"href":"https:\/\/www.europesays.com\/ee\/wp-json\/wp\/v2\/categories?post=187770"},{"taxonomy":"post_tag","embeddable":true,"href":"https:\/\/www.europesays.com\/ee\/wp-json\/wp\/v2\/tags?post=187770"}],"curies":[{"name":"wp","href":"https:\/\/api.w.org\/{rel}","templated":true}]}}