{"id":187840,"date":"2026-05-26T15:45:07","date_gmt":"2026-05-26T15:45:07","guid":{"rendered":"https:\/\/www.europesays.com\/ee\/187840\/"},"modified":"2026-05-26T15:45:07","modified_gmt":"2026-05-26T15:45:07","slug":"arvustus-pungikontserdid-on-korraldajatele-enam-vahem-kindla-peale-minek","status":"publish","type":"post","link":"https:\/\/www.europesays.com\/ee\/187840\/","title":{"rendered":"ARVUSTUS | Pungikontserdid on korraldajatele enam-v\u00e4hem kindla peale minek"},"content":{"rendered":"<p>Tunne Paavlis on kodune, sest n\u00e4od on ootusp\u00e4rased \u2013 samad, kes olid eelmisel p\u00e4eval ka \u00dclases. M\u00f5nel on veel seljas eilne s\u00e4rk. Minul sealhulgas. Punkpoeet Riste \u00fctles mulle millalgi, et k\u00fcll oleks hea, kui inimesed kannaks kogu aeg samu riideid, siis tunneks ta nad kohe \u00e4ra. M\u00f5tlen selle peale iga kord, kui panen m\u00f5ne s\u00e4rgi ka kolmandat p\u00e4eva j\u00e4rjest selga. Laiskusest, aga ka s\u00f5prade heaks!<\/p>\n<p>Oled juba tellija?Logi sisse<\/p>\n<p><a href=\"https:\/\/kultuur.delfi.ee\/artikkel\/120586210\/arvustus-pungikontserdid-on-korraldajatele-enam-vahem-kindla-peale-minek\/kommentaarid\" class=\"article-body-bottom__comment article-body-bottom__comment--write button button--primary button--size-auto\" rel=\"nofollow noopener\" target=\"_blank\"> Kommenteeri <\/a><a href=\"https:\/\/kultuur.delfi.ee\/artikkel\/120586210\/arvustus-pungikontserdid-on-korraldajatele-enam-vahem-kindla-peale-minek\/kommentaarid\" class=\"article-body-bottom__comment article-body-bottom__comment--read button button--size-auto\" rel=\"nofollow noopener\" target=\"_blank\"> Loe kommentaare <\/a><\/p>\n","protected":false},"excerpt":{"rendered":"Tunne Paavlis on kodune, sest n\u00e4od on ootusp\u00e4rased \u2013 samad, kes olid eelmisel p\u00e4eval ka \u00dclases. M\u00f5nel on&hellip;\n","protected":false},"author":2,"featured_media":187841,"comment_status":"","ping_status":"","sticky":false,"template":"","format":"standard","meta":{"footnotes":"","_share_on_mastodon":"0"},"categories":[16],"tags":[81536,37,33,35,173,34,36,140,3286,81537,2841],"class_list":["post-187840","post","type-post","status-publish","format-standard","has-post-thumbnail","category-meelelahutus","tag-discharge","tag-ee","tag-eesti","tag-eesti-keel","tag-entertainment","tag-estonia","tag-estonian","tag-meelelahutus","tag-paavli-kultuurivabrik","tag-project-dekadenz","tag-skoone"],"share_on_mastodon":{"url":"https:\/\/pubeurope.com\/@ee\/116641656064310224","error":""},"_links":{"self":[{"href":"https:\/\/www.europesays.com\/ee\/wp-json\/wp\/v2\/posts\/187840","targetHints":{"allow":["GET"]}}],"collection":[{"href":"https:\/\/www.europesays.com\/ee\/wp-json\/wp\/v2\/posts"}],"about":[{"href":"https:\/\/www.europesays.com\/ee\/wp-json\/wp\/v2\/types\/post"}],"author":[{"embeddable":true,"href":"https:\/\/www.europesays.com\/ee\/wp-json\/wp\/v2\/users\/2"}],"replies":[{"embeddable":true,"href":"https:\/\/www.europesays.com\/ee\/wp-json\/wp\/v2\/comments?post=187840"}],"version-history":[{"count":0,"href":"https:\/\/www.europesays.com\/ee\/wp-json\/wp\/v2\/posts\/187840\/revisions"}],"wp:featuredmedia":[{"embeddable":true,"href":"https:\/\/www.europesays.com\/ee\/wp-json\/wp\/v2\/media\/187841"}],"wp:attachment":[{"href":"https:\/\/www.europesays.com\/ee\/wp-json\/wp\/v2\/media?parent=187840"}],"wp:term":[{"taxonomy":"category","embeddable":true,"href":"https:\/\/www.europesays.com\/ee\/wp-json\/wp\/v2\/categories?post=187840"},{"taxonomy":"post_tag","embeddable":true,"href":"https:\/\/www.europesays.com\/ee\/wp-json\/wp\/v2\/tags?post=187840"}],"curies":[{"name":"wp","href":"https:\/\/api.w.org\/{rel}","templated":true}]}}