{"id":187969,"date":"2026-05-26T18:31:08","date_gmt":"2026-05-26T18:31:08","guid":{"rendered":"https:\/\/www.europesays.com\/ee\/187969\/"},"modified":"2026-05-26T18:31:08","modified_gmt":"2026-05-26T18:31:08","slug":"paastekolledzi-lopukatsed-toukusid-elust-enesest-eesti","status":"publish","type":"post","link":"https:\/\/www.europesays.com\/ee\/187969\/","title":{"rendered":"P\u00e4\u00e4stekolled\u017ei l\u00f5pukatsed t\u00f5ukusid elust enesest | Eesti"},"content":{"rendered":"<p>V\u00e4ike-Maarjas sooritavad sisekaitseakadeemia p\u00e4\u00e4stekolled\u017ei \u00f5ppurid l\u00f5pueksamit. Harjutada tuleb tavaolukordi ja hindeid p\u00e4\u00e4stekomandodesse siirdumise eelsel viimasel proovil ei panda.<\/p>\n<p>P\u00e4\u00e4stekolled\u017eis meeskonnajuhiks \u00f5ppimine annab p\u00e4\u00e4stja Martin Roose s\u00f5nul oskuse juhtida koost\u00f6\u00f6d.<\/p>\n<p>&#8220;Meeskonnavanema \u00f5pe annab laia silmaringi ja kindlasti oskuse, kuidas kasutada olemasolevat ressurssi. See \u00f5petab suurema pildi n\u00e4gemist ja teadmist, kuidas ressurssi rakendada,&#8221; \u00fctles Roose.<\/p>\n<p>P\u00e4\u00e4stja Aivar Rea oli rahul, et l\u00f5puharjutusel &#8220;Sireen&#8221; hindeid ei panda.<\/p>\n<p>&#8220;L\u00e4heb v\u00e4ga edukalt ja \u00fcllatavalt h\u00e4sti, sest \u00f5hkkond on pingevaba \u2013 harjutus ei ole arvestus-, vaid \u00f5ppuselaadne. Saame praktikasse rakendada teadmisi, mida oleme viie kuu jooksul omandanud. Teeme seda pingevabalt, nii et see ei ole stressitekitav ning keegi ei hinga kuklasse ega tekita pinget,&#8221; selgitas Rea.<\/p>\n<p>&#8220;Sireeni&#8221; korraldajad arvestasid \u00fclesandeid koostades sellega, milliseid h\u00e4daolukordi p\u00e4\u00e4stjatel tavaelus enim lahendada tuleb.<\/p>\n<p>&#8220;S\u00fcndmused on v\u00e4ga reaalsed ja paigutuvad h\u00e4sti t\u00e4nap\u00e4eva konteksti ning me ei keera midagi \u00fcle v\u00f5lli. Instruktoritel ja p\u00e4\u00e4stjatel on oluline tajuda, kuidas nad reageerivad natuke keerulisemates olukordades, kus p\u00e4\u00e4stja ise v\u00f5ib vajada p\u00e4\u00e4stmist. Oleme teadlikult sisse toonud s\u00fcndmusi, kus v\u00f5ib juhtuda mingi apsakas,&#8221; r\u00e4\u00e4kis Sireeni korraldaja Rudolf Kopti.<\/p>\n<p>&#8220;Sireen&#8221; l\u00f5peb neljap\u00e4eval.<\/p>\n","protected":false},"excerpt":{"rendered":"V\u00e4ike-Maarjas sooritavad sisekaitseakadeemia p\u00e4\u00e4stekolled\u017ei \u00f5ppurid l\u00f5pueksamit. Harjutada tuleb tavaolukordi ja hindeid p\u00e4\u00e4stekomandodesse siirdumise eelsel viimasel proovil ei panda.&hellip;\n","protected":false},"author":2,"featured_media":187970,"comment_status":"","ping_status":"","sticky":false,"template":"","format":"standard","meta":{"footnotes":"","_share_on_mastodon":"0"},"categories":[18],"tags":[37,33,35,34,36,3577,15420,3574,159,158],"class_list":["post-187969","post","type-post","status-publish","format-standard","has-post-thumbnail","category-sport","tag-ee","tag-eesti","tag-eesti-keel","tag-estonia","tag-estonian","tag-paastekolledz","tag-sireen","tag-sisekaitseakadeemia","tag-sport","tag-sports"],"share_on_mastodon":{"url":"https:\/\/pubeurope.com\/@ee\/116642308907854730","error":""},"_links":{"self":[{"href":"https:\/\/www.europesays.com\/ee\/wp-json\/wp\/v2\/posts\/187969","targetHints":{"allow":["GET"]}}],"collection":[{"href":"https:\/\/www.europesays.com\/ee\/wp-json\/wp\/v2\/posts"}],"about":[{"href":"https:\/\/www.europesays.com\/ee\/wp-json\/wp\/v2\/types\/post"}],"author":[{"embeddable":true,"href":"https:\/\/www.europesays.com\/ee\/wp-json\/wp\/v2\/users\/2"}],"replies":[{"embeddable":true,"href":"https:\/\/www.europesays.com\/ee\/wp-json\/wp\/v2\/comments?post=187969"}],"version-history":[{"count":0,"href":"https:\/\/www.europesays.com\/ee\/wp-json\/wp\/v2\/posts\/187969\/revisions"}],"wp:featuredmedia":[{"embeddable":true,"href":"https:\/\/www.europesays.com\/ee\/wp-json\/wp\/v2\/media\/187970"}],"wp:attachment":[{"href":"https:\/\/www.europesays.com\/ee\/wp-json\/wp\/v2\/media?parent=187969"}],"wp:term":[{"taxonomy":"category","embeddable":true,"href":"https:\/\/www.europesays.com\/ee\/wp-json\/wp\/v2\/categories?post=187969"},{"taxonomy":"post_tag","embeddable":true,"href":"https:\/\/www.europesays.com\/ee\/wp-json\/wp\/v2\/tags?post=187969"}],"curies":[{"name":"wp","href":"https:\/\/api.w.org\/{rel}","templated":true}]}}