{"id":187981,"date":"2026-05-26T18:44:09","date_gmt":"2026-05-26T18:44:09","guid":{"rendered":"https:\/\/www.europesays.com\/ee\/187981\/"},"modified":"2026-05-26T18:44:09","modified_gmt":"2026-05-26T18:44:09","slug":"err-donetskis-droonijuhid-keskenduvad-vene-jalavaelaste-havitamisele-valismaa","status":"publish","type":"post","link":"https:\/\/www.europesays.com\/ee\/187981\/","title":{"rendered":"ERR Donetskis: droonijuhid keskenduvad vene jalav\u00e4elaste h\u00e4vitamisele | V\u00e4lismaa"},"content":{"rendered":"<p>S\u00f5da Ukrainas on esimene droonis\u00f5da. M\u00f5lemad pooled peavad just droone ja nende kasutamist moodsal lahinguv\u00e4ljal primaarseks.<\/p>\n<p>Ukraina s\u00f5jav\u00e4elane Maksim valmistab \u00fclesande t\u00e4itmiseks droone, mida kutsustakse ka tiibadeks. Droon Vektor v\u00f5ib aga s\u00f5ltuvalt stardipositsioonist lennata kuni 30 kilomeetrit vaenlase tagalasse.<\/p>\n<p>&#8220;Tiivad lendavad n\u00fc\u00fcd kauem ja kaugemale. Meie positsioonid on 15, vahepeal 20 kilomeetrit rindejoonest. Isegi 20 kilomeetri kaugusel olevale positsioonile on n\u00fc\u00fcd keeruline j\u00f5uda,&#8221; s\u00f5nas Maksim.<\/p>\n<p>Pokrovski all s\u00f5dib Ukraina droonimeeste vastu \u00fcks Venemaa parimatest drooni\u00fcksusest \u2013 Rubikon.<\/p>\n<p>&#8220;See toob meile probleeme juurde. Kui nad tulevad, siis seda on tunda meie lennumasinate allalaskmise l\u00e4bi. Positsioonile on ka keerulisem s\u00f5ita. Aga nad k\u00e4ivad siin vaid aegajalt,&#8221; \u00fctles Maksim.<\/p>\n<p>Kuidas on s\u00f5da kahe viimase aastaga muutunud?<\/p>\n<p>&#8220;Kui aasta tagasi oli meie prioriteediks suurt\u00fckkide tuvastamine, siis n\u00fc\u00fcd otsime jalav\u00e4ge, mis p\u00fc\u00fcab imbuda meie positsioonide vahele,&#8221; lausus Ukraina s\u00f5jav\u00e4elane Anton.<\/p>\n<p>&#8220;Tuleb mitu gruppi, need h\u00e4vitatakse. Keegi sai surma, keegi sai haavata. Keegi l\u00e4ks aga peitu kuhugi punkrisse. Meie \u00fclesanne on ta \u00fcles leida, aga see on keeruline, sest inimene on peidus. Sellep\u00e4rast me p\u00fc\u00fcame kogu aeg j\u00e4lgida nende logistikat,&#8221; s\u00f5nas Ukraina s\u00f5jav\u00e4elane &#8220;Kodanlane&#8221;.<\/p>\n<p>&#8220;Kodanlane&#8221; on 25. dessantv\u00e4ebrigaadi drooni\u00fcksuse ase\u00fclem.<\/p>\n<p>&#8220;S\u00f5da t\u00f5i meile uued prioriteedid. Need on nende droonide stardipaigad, nende droonimeeskonnad, nende logistika. Need ongi meie sihtm\u00e4rgid,&#8221; \u00fctles s\u00f5jav\u00e4elane.<\/p>\n<p>\u00d5huluure on ka naiste t\u00f6\u00f6. Jelizaveta \u00fclesanne on anda \u00fclemale sihtm\u00e4rkide koordinaadid.<\/p>\n<p>&#8220;Minu jaoks pole siin midagi keerulist, eriti kui v\u00f5rrelda meestega, kes on eesrindel. Neil on palju raskem, kui mul siin droonidega,&#8221; lausus Jelizaveta.<\/p>\n<p>Drooni\u00fcksuse t\u00f6\u00f6 kiirusest s\u00f5ltub jalav\u00e4elaste elu eesrindel.<\/p>\n<p>&#8220;Reageerimise kiirus s\u00f5ltub sellest, kui kiiresti ma annan eetrisse sihtm\u00e4rgi koordinaadid. Piloodid v\u00f5tavad need vastu, panevad tahvlisse, droon on valmis \u2013 ja siis lendame! Kui kiiresti k\u00f5ik see toimub, ma ei saa tegelikult teile \u00f6elda, sest vaenlane j\u00e4lgib meediat,&#8221; s\u00f5nas &#8220;Kodanlane&#8221;.<\/p>\n","protected":false},"excerpt":{"rendered":"S\u00f5da Ukrainas on esimene droonis\u00f5da. M\u00f5lemad pooled peavad just droone ja nende kasutamist moodsal lahinguv\u00e4ljal primaarseks. Ukraina s\u00f5jav\u00e4elane&hellip;\n","protected":false},"author":2,"featured_media":187982,"comment_status":"","ping_status":"","sticky":false,"template":"","format":"standard","meta":{"footnotes":"","_share_on_mastodon":"0"},"categories":[80],"tags":[26,27,4556,1274,37,33,35,34,36,31,32,21,28,29,95,19,25,23,24,262,124,22,20,96,30,92,93,94],"class_list":["post-187981","post","type-post","status-publish","format-standard","has-post-thumbnail","category-maailm","tag-breaking-news","tag-breakingnews","tag-donetsk","tag-droonid","tag-ee","tag-eesti","tag-eesti-keel","tag-estonia","tag-estonian","tag-featured-news","tag-featurednews","tag-headlines","tag-latest-news","tag-latestnews","tag-maailm","tag-news","tag-populaarseimad-lood","tag-top-stories","tag-topstories","tag-ukraina","tag-ukraina-soda","tag-uldised-uudised","tag-uudised","tag-venemaa","tag-viimased-uudised","tag-world","tag-world-news","tag-worldnews"],"share_on_mastodon":{"url":"https:\/\/pubeurope.com\/@ee\/116642360033582720","error":""},"_links":{"self":[{"href":"https:\/\/www.europesays.com\/ee\/wp-json\/wp\/v2\/posts\/187981","targetHints":{"allow":["GET"]}}],"collection":[{"href":"https:\/\/www.europesays.com\/ee\/wp-json\/wp\/v2\/posts"}],"about":[{"href":"https:\/\/www.europesays.com\/ee\/wp-json\/wp\/v2\/types\/post"}],"author":[{"embeddable":true,"href":"https:\/\/www.europesays.com\/ee\/wp-json\/wp\/v2\/users\/2"}],"replies":[{"embeddable":true,"href":"https:\/\/www.europesays.com\/ee\/wp-json\/wp\/v2\/comments?post=187981"}],"version-history":[{"count":0,"href":"https:\/\/www.europesays.com\/ee\/wp-json\/wp\/v2\/posts\/187981\/revisions"}],"wp:featuredmedia":[{"embeddable":true,"href":"https:\/\/www.europesays.com\/ee\/wp-json\/wp\/v2\/media\/187982"}],"wp:attachment":[{"href":"https:\/\/www.europesays.com\/ee\/wp-json\/wp\/v2\/media?parent=187981"}],"wp:term":[{"taxonomy":"category","embeddable":true,"href":"https:\/\/www.europesays.com\/ee\/wp-json\/wp\/v2\/categories?post=187981"},{"taxonomy":"post_tag","embeddable":true,"href":"https:\/\/www.europesays.com\/ee\/wp-json\/wp\/v2\/tags?post=187981"}],"curies":[{"name":"wp","href":"https:\/\/api.w.org\/{rel}","templated":true}]}}