{"id":187996,"date":"2026-05-26T19:15:12","date_gmt":"2026-05-26T19:15:12","guid":{"rendered":"https:\/\/www.europesays.com\/ee\/187996\/"},"modified":"2026-05-26T19:15:12","modified_gmt":"2026-05-26T19:15:12","slug":"meistrite-liigast-valja-jaanud-ac-milan-tegi-juhtkonnas-suurpuhastuse","status":"publish","type":"post","link":"https:\/\/www.europesays.com\/ee\/187996\/","title":{"rendered":"Meistrite liigast v\u00e4lja j\u00e4\u00e4nud AC Milan tegi juhtkonnas suurpuhastuse"},"content":{"rendered":"<p>Milan kaotas viimases voorus \u00fcllatuslikult Cagliarile 1:2 ja langes kolmandalt kohalt viiendaks. Itaalia suurklubi oli Serie A-s pikka aega hoidnud teist positsiooni, ent viimasest k\u00fcmnest liigamat\u0161ist kaotati koguni kuus.<\/p>\n<p>Lisaks Allegrile l\u00f5petati leping ka spordidirektor Igli Tare, tegevjuht Giorgio Furlani ja tehnilise direktori Geoffrey Moncadaga. K\u00fcll aga halastasid klubi omanikud n\u00f5unikuna t\u00f6\u00f6tavale Rootsi jalgpallilegendile <a rel=\"noopener nofollow\" target=\"_blank\" href=\"https:\/\/www.delfi.ee\/teema\/56498042\/zlatan-ibrahimovic\" tag-id=\"56498042\">Zlatan Ibrahimovicile<\/a>.<\/p>\n<p>\u201ePettumust valmistav kaotus viimases m\u00e4ngus muutis hooaja vaieldamatuks l\u00e4bikukkumiseks,\u201c seisab AC Milani pressiteates.<\/p>\n<p>Itaalia meistriks tuli t\u00e4navu Inter. Lisaks neile p\u00e4\u00e4sesid Meistrite liigasse Napoli, Roma ja Como.<\/p>\n<p>Kuidas see lugu Sind end tundma pani? Saada <a href=\"https:\/\/sport.delfi.ee\/artikkel\/120586495\/meistrite-liigast-valja-jaanud-ac-milan-tegi-juhtkonnas-suurpuhastuse\/kommentaarid\" class=\"article-body-bottom__comment article-body-bottom__comment--write button button--primary button--size-auto\" rel=\"nofollow noopener\" target=\"_blank\"> Kommenteeri <\/a><a href=\"https:\/\/sport.delfi.ee\/artikkel\/120586495\/meistrite-liigast-valja-jaanud-ac-milan-tegi-juhtkonnas-suurpuhastuse\/kommentaarid\" class=\"article-body-bottom__comment article-body-bottom__comment--read button button--size-auto\" rel=\"nofollow noopener\" target=\"_blank\"> Loe kommentaare (2)<\/a><\/p>\n","protected":false},"excerpt":{"rendered":"Milan kaotas viimases voorus \u00fcllatuslikult Cagliarile 1:2 ja langes kolmandalt kohalt viiendaks. Itaalia suurklubi oli Serie A-s pikka&hellip;\n","protected":false},"author":2,"featured_media":187997,"comment_status":"","ping_status":"","sticky":false,"template":"","format":"standard","meta":{"footnotes":"","_share_on_mastodon":"0"},"categories":[18],"tags":[1076,37,33,35,34,36,1079,159,158,42288],"class_list":["post-187996","post","type-post","status-publish","format-standard","has-post-thumbnail","category-sport","tag-ac-milan","tag-ee","tag-eesti","tag-eesti-keel","tag-estonia","tag-estonian","tag-massimiliano-allegri","tag-sport","tag-sports","tag-zlatan-ibrahimovic"],"share_on_mastodon":{"url":"https:\/\/pubeurope.com\/@ee\/116642481726301448","error":""},"_links":{"self":[{"href":"https:\/\/www.europesays.com\/ee\/wp-json\/wp\/v2\/posts\/187996","targetHints":{"allow":["GET"]}}],"collection":[{"href":"https:\/\/www.europesays.com\/ee\/wp-json\/wp\/v2\/posts"}],"about":[{"href":"https:\/\/www.europesays.com\/ee\/wp-json\/wp\/v2\/types\/post"}],"author":[{"embeddable":true,"href":"https:\/\/www.europesays.com\/ee\/wp-json\/wp\/v2\/users\/2"}],"replies":[{"embeddable":true,"href":"https:\/\/www.europesays.com\/ee\/wp-json\/wp\/v2\/comments?post=187996"}],"version-history":[{"count":0,"href":"https:\/\/www.europesays.com\/ee\/wp-json\/wp\/v2\/posts\/187996\/revisions"}],"wp:featuredmedia":[{"embeddable":true,"href":"https:\/\/www.europesays.com\/ee\/wp-json\/wp\/v2\/media\/187997"}],"wp:attachment":[{"href":"https:\/\/www.europesays.com\/ee\/wp-json\/wp\/v2\/media?parent=187996"}],"wp:term":[{"taxonomy":"category","embeddable":true,"href":"https:\/\/www.europesays.com\/ee\/wp-json\/wp\/v2\/categories?post=187996"},{"taxonomy":"post_tag","embeddable":true,"href":"https:\/\/www.europesays.com\/ee\/wp-json\/wp\/v2\/tags?post=187996"}],"curies":[{"name":"wp","href":"https:\/\/api.w.org\/{rel}","templated":true}]}}