{"id":188084,"date":"2026-05-26T21:39:09","date_gmt":"2026-05-26T21:39:09","guid":{"rendered":"https:\/\/www.europesays.com\/ee\/188084\/"},"modified":"2026-05-26T21:39:09","modified_gmt":"2026-05-26T21:39:09","slug":"backhaus-palus-heina-suhtes-kannatlikkust-karl-on-supertuup-toetage-teda-soccernet-ee","status":"publish","type":"post","link":"https:\/\/www.europesays.com\/ee\/188084\/","title":{"rendered":"Backhaus palus Heina suhtes kannatlikkust: Karl on supert\u00fc\u00fcp, toetage teda! &#8211; Soccernet.ee"},"content":{"rendered":"<p><img decoding=\"async\" src=\"https:\/\/www.europesays.com\/ee\/wp-content\/uploads\/2026\/05\/1761982407.jpg\" alt=\"Mio Backhaus j\u00e4tab kindad Karl Jakob Heinale. Foto: Scanpix \/ Imago images \/ Nordphoto\"\/>&#13;\n<\/p>\n<p>Bremeni Werderist lahkunud ja Karl Heinale tee vabaks teinud Mio Backhaus k\u00e4is viimast korda klubi t\u00e4namas ja kiitis muuhulgas eestlast, pannes f\u00e4nnidele s\u00fcdamele, et uue esiv\u00e4ravavahi suhtes oldaks m\u00f5istvad ja toetavad.<\/p>\n<p>Werderi tegemisi kajastava portaali Deichstube s\u00f5nul k\u00e4is Backhaus teisip\u00e4eval l\u00e4bi Werderi treeningbaasist, et sealt viimased asjad kokku korjata ja klubi t\u00f6\u00f6tajatega h\u00fcvasti j\u00e4tta. Juba kaheksa aasta eest ehk 14-aastasena Werderiga liitunud v\u00e4ravavaht liigub Freiburgi 15 miljoni euro eest, tema asendajaks saab t\u00e4navu Bremeni klubis laenul olnud ja nendega n\u00fc\u00fcd p\u00fcsivalt k\u00e4ed l\u00f6\u00f6nud 24-aastane Hein.&#13;\n<\/p>\n<p>Backhaus postitas esimese h\u00fcvastij\u00e4tuvideo sotsiaalmeediasse juba eelmisel n\u00e4dalal, olles ise puhkusel, kuid toonitas n\u00fc\u00fcd, et ei tahtnud seda kindlasti ainsaks j\u00e4tta. &#8220;Olin siin kaheksa aastat ja see pole minu stiil. Tahtsin isiklikult k\u00f5iki t\u00e4nada, nii et taustaks oleks ikkagi Weserstadion, mitte valge sein,&#8221; selgitas ta.&#13;\n<\/p>\n<p>Muuhulgas palus Backhaus, et Werderi f\u00e4nnid toetaksid Heina samav\u00f5rd kui l\u00f5ppenud hooajal teda. &#8220;Karl teeb kindlasti suurep\u00e4raseid m\u00e4nge. Aga Bundesligas ei pruugi asjad alati sujuvalt minna. Nii et olge talle igal juhul toeks! Karl on supert\u00fc\u00fcp ja suurep\u00e4rane v\u00e4ravavaht,&#8221; s\u00f5nas Backhaus.<\/p>\n<blockquote class=\"instagram-media\" data-instgrm-captioned=\"\" data-instgrm-permalink=\"https:\/\/www.instagram.com\/reel\/DYze8PlsKwP\/?utm_source=ig_embed&amp;utm_campaign=loading\" data-instgrm-version=\"14\" style=\" background:#FFF; border:0; border-radius:3px; box-shadow:0 0 1px 0 rgba(0,0,0,0.5),0 1px 10px 0 rgba(0,0,0,0.15); margin: 1px; max-width:540px; min-width:326px; padding:0; width:99.375%; width:-webkit-calc(100% - 2px); width:calc(100% - 2px);\"><p>&#13;<br \/>\n&#13;\n<\/p><\/blockquote>\n<p>          <script async src=\"\/\/www.instagram.com\/embed.js\"><\/script><\/p>\n","protected":false},"excerpt":{"rendered":"&#13; Bremeni Werderist lahkunud ja Karl Heinale tee vabaks teinud Mio Backhaus k\u00e4is viimast korda klubi t\u00e4namas ja&hellip;\n","protected":false},"author":2,"featured_media":188085,"comment_status":"","ping_status":"","sticky":false,"template":"","format":"standard","meta":{"footnotes":"","_share_on_mastodon":"0"},"categories":[18],"tags":[524,526,527,37,33,35,34,36,532,7782,536,3910,51,159,158,539],"class_list":["post-188084","post","type-post","status-publish","format-standard","has-post-thumbnail","category-sport","tag-backhaus","tag-bremeni-werder","tag-bundesliga","tag-ee","tag-eesti","tag-eesti-keel","tag-estonia","tag-estonian","tag-hein","tag-karl-hein","tag-karl-jakob-hein","tag-mio-backhaus","tag-saksamaa","tag-sport","tag-sports","tag-werder"],"share_on_mastodon":{"url":"https:\/\/pubeurope.com\/@ee\/116643048017551759","error":""},"_links":{"self":[{"href":"https:\/\/www.europesays.com\/ee\/wp-json\/wp\/v2\/posts\/188084","targetHints":{"allow":["GET"]}}],"collection":[{"href":"https:\/\/www.europesays.com\/ee\/wp-json\/wp\/v2\/posts"}],"about":[{"href":"https:\/\/www.europesays.com\/ee\/wp-json\/wp\/v2\/types\/post"}],"author":[{"embeddable":true,"href":"https:\/\/www.europesays.com\/ee\/wp-json\/wp\/v2\/users\/2"}],"replies":[{"embeddable":true,"href":"https:\/\/www.europesays.com\/ee\/wp-json\/wp\/v2\/comments?post=188084"}],"version-history":[{"count":0,"href":"https:\/\/www.europesays.com\/ee\/wp-json\/wp\/v2\/posts\/188084\/revisions"}],"wp:featuredmedia":[{"embeddable":true,"href":"https:\/\/www.europesays.com\/ee\/wp-json\/wp\/v2\/media\/188085"}],"wp:attachment":[{"href":"https:\/\/www.europesays.com\/ee\/wp-json\/wp\/v2\/media?parent=188084"}],"wp:term":[{"taxonomy":"category","embeddable":true,"href":"https:\/\/www.europesays.com\/ee\/wp-json\/wp\/v2\/categories?post=188084"},{"taxonomy":"post_tag","embeddable":true,"href":"https:\/\/www.europesays.com\/ee\/wp-json\/wp\/v2\/tags?post=188084"}],"curies":[{"name":"wp","href":"https:\/\/api.w.org\/{rel}","templated":true}]}}