{"id":188113,"date":"2026-05-26T22:34:10","date_gmt":"2026-05-26T22:34:10","guid":{"rendered":"https:\/\/www.europesays.com\/ee\/188113\/"},"modified":"2026-05-26T22:34:10","modified_gmt":"2026-05-26T22:34:10","slug":"sinjavski-varavasoot-aitas-baniku-korgliiga-lavepakust-uhe-jalaga-ule-soccernet-ee","status":"publish","type":"post","link":"https:\/\/www.europesays.com\/ee\/188113\/","title":{"rendered":"Sinjavski v\u00e4ravas\u00f6\u00f6t aitas Baniku k\u00f5rgliiga l\u00e4vepakust \u00fche jalaga \u00fcle &#8211; Soccernet.ee"},"content":{"rendered":"<p><img decoding=\"async\" src=\"https:\/\/www.europesays.com\/ee\/wp-content\/uploads\/2026\/05\/1763506311.jpg\" alt=\"Vlasi Sinjavskil on suur \u0161anss m\u00e4ngida ka uuel hooajal T\u0161ehhi k\u00f5rgliigas. Foto: Liisi Troska \/ jalgpall.ee\"\/>&#13;\n<\/p>\n<p>Eesti koondise \u00e4\u00e4rekaitsja Vlasi Sinjavski t\u00f6\u00f6andja Ostrava Banik v\u00f5itisT\u0161ehhi k\u00f5rgliiga \u00fcleminekum\u00e4ngude avavaatuse 3:0 ja on v\u00e4ga l\u00e4hedal p\u00fcsimaj\u00e4\u00e4mise kindlustamisele. Sinjavski panustas v\u00f5itu t\u00e4ism\u00e4ngu ja v\u00e4ravas\u00f6\u00f6duga.<\/p>\n<p>K\u00f5rgliigas alles viimase vooru v\u00f5iduga otse esiliigasse langemisest p\u00e4\u00e4senud Banik alustas v\u00f5itlust p\u00fcsimaj\u00e4\u00e4mise nimel kodum\u00e4nguga Taborsko vastu, kes l\u00f5petas esiliigas teisel kohal. Avapoolajal ei n\u00e4htud v\u00e4ravaid eesk\u00e4tt seet\u00f5ttu, et Baniku m\u00e4ngijate sihik oli paigast &#8211; tosinast pealel\u00f6\u00f6gist suudeti raamide vahele sihtida vaid kaks.&#13;\n<\/p>\n<p>Teise kolmveerandtunni alguses s\u00e4ttis Banik l\u00f6\u00f6gid t\u00e4psemaks ja see t\u00f5i kohe ka tulu, sest Michal Frydrych avas 54. minutil skoori. L\u00f5plikult murti esiliigaklubi maha viimaste minutitega, kui Marek Havran kasvatas esmalt edu kahev\u00e4ravaliseks. Seej\u00e4rel sai vahetusest sekkunud Jiri Boula 90. minutil Sinjavskilt palli, saatis selle v\u00e4rava suunas teele ning Taborsko v\u00e4ravavaht puterdas l\u00f6\u00f6gi posti k\u00f5rvalt v\u00f5rku.&#13;\n<\/p>\n<p>Avavilest l\u00f5puvileni vasakul \u00e4\u00e4rel r\u00fcganud Sinjavski teenis lisaks v\u00e4ravas\u00f6\u00f6dule 68. minutil keskv\u00e4ljal vastase kukutamise eest kollase kaardi. Korduskohtumine peetakse Taborsko koduv\u00e4ljakul juba laup\u00e4eval. V\u00f5itja tagab kohe T\u0161ehhi k\u00f5rgliigas ka j\u00e4rgmiseks hooajaks. Teises p\u00fcsimaj\u00e4\u00e4jat selgitavas paaris on vastamisi Sinjavski endine koduklubi Slovacko ja esiliigas kolmandana l\u00f5petanud Brno Artis.<\/p>\n<blockquote class=\"twitter-tweet\"><p>&#13;<\/p>\n<p lang=\"cs\" dir=\"ltr\">Poj\u010fme Ban\u00edk! \u270a\ud83c\udffb <a href=\"https:\/\/t.co\/SM1gn2s3YM\" rel=\"nofollow\">pic.twitter.com\/SM1gn2s3YM<\/a>&#13;<br \/>\n\u2014 FC Ban\u00edk Ostrava (@fcbanikostrava) <a href=\"https:\/\/twitter.com\/fcbanikostrava\/status\/2059300636970098735?ref_src=twsrc%5Etfw\" rel=\"nofollow noopener\" target=\"_blank\">May 26, 2026<\/a><\/p>\n<\/blockquote>\n<blockquote class=\"twitter-tweet\"><p>&#13;<\/p>\n<p lang=\"cs\" dir=\"ltr\">\ud835\uddd9\ud835\udde7 | Do odvety s t\u0159\u00edg\u00f3lov\u00fdm n\u00e1skokem! <a href=\"https:\/\/twitter.com\/hashtag\/fcbtab?src=hash&amp;ref_src=twsrc%5Etfw\" rel=\"nofollow noopener\" target=\"_blank\">#fcbtab<\/a> <a href=\"https:\/\/t.co\/0aD8TtYPy9\" rel=\"nofollow\">pic.twitter.com\/0aD8TtYPy9<\/a>&#13;<br \/>\n\u2014 FC Ban\u00edk Ostrava (@fcbanikostrava) <a href=\"https:\/\/twitter.com\/fcbanikostrava\/status\/2059333259713032583?ref_src=twsrc%5Etfw\" rel=\"nofollow noopener\" target=\"_blank\">May 26, 2026<\/a><\/p>\n<\/blockquote>\n<p>          <script async src=\"https:\/\/platform.twitter.com\/widgets.js\" charset=\"utf-8\"><\/script><\/p>\n","protected":false},"excerpt":{"rendered":"&#13; Eesti koondise \u00e4\u00e4rekaitsja Vlasi Sinjavski t\u00f6\u00f6andja Ostrava Banik v\u00f5itisT\u0161ehhi k\u00f5rgliiga \u00fcleminekum\u00e4ngude avavaatuse 3:0 ja on v\u00e4ga l\u00e4hedal&hellip;\n","protected":false},"author":2,"featured_media":176817,"comment_status":"","ping_status":"","sticky":false,"template":"","format":"standard","meta":{"footnotes":"","_share_on_mastodon":"0"},"categories":[18],"tags":[32408,37,33,35,34,36,32413,1731,159,158,116,1733],"class_list":["post-188113","post","type-post","status-publish","format-standard","has-post-thumbnail","category-sport","tag-banik","tag-ee","tag-eesti","tag-eesti-keel","tag-estonia","tag-estonian","tag-ostrava-banik","tag-sinjavski","tag-sport","tag-sports","tag-tsehhi","tag-vlasi-sinjavski"],"share_on_mastodon":{"url":"https:\/\/pubeurope.com\/@ee\/116643264252205681","error":""},"_links":{"self":[{"href":"https:\/\/www.europesays.com\/ee\/wp-json\/wp\/v2\/posts\/188113","targetHints":{"allow":["GET"]}}],"collection":[{"href":"https:\/\/www.europesays.com\/ee\/wp-json\/wp\/v2\/posts"}],"about":[{"href":"https:\/\/www.europesays.com\/ee\/wp-json\/wp\/v2\/types\/post"}],"author":[{"embeddable":true,"href":"https:\/\/www.europesays.com\/ee\/wp-json\/wp\/v2\/users\/2"}],"replies":[{"embeddable":true,"href":"https:\/\/www.europesays.com\/ee\/wp-json\/wp\/v2\/comments?post=188113"}],"version-history":[{"count":0,"href":"https:\/\/www.europesays.com\/ee\/wp-json\/wp\/v2\/posts\/188113\/revisions"}],"wp:featuredmedia":[{"embeddable":true,"href":"https:\/\/www.europesays.com\/ee\/wp-json\/wp\/v2\/media\/176817"}],"wp:attachment":[{"href":"https:\/\/www.europesays.com\/ee\/wp-json\/wp\/v2\/media?parent=188113"}],"wp:term":[{"taxonomy":"category","embeddable":true,"href":"https:\/\/www.europesays.com\/ee\/wp-json\/wp\/v2\/categories?post=188113"},{"taxonomy":"post_tag","embeddable":true,"href":"https:\/\/www.europesays.com\/ee\/wp-json\/wp\/v2\/tags?post=188113"}],"curies":[{"name":"wp","href":"https:\/\/api.w.org\/{rel}","templated":true}]}}