{"id":188206,"date":"2026-05-27T04:51:40","date_gmt":"2026-05-27T04:51:40","guid":{"rendered":"https:\/\/www.europesays.com\/ee\/188206\/"},"modified":"2026-05-27T04:51:40","modified_gmt":"2026-05-27T04:51:40","slug":"uus-paar-beebiloust-ja-rapparist-tosielustaar-veedavad-aina-rohkem-aega-koos","status":"publish","type":"post","link":"https:\/\/www.europesays.com\/ee\/188206\/","title":{"rendered":"Uus paar? Beebil\u00f5ust ja r\u00e4pparist t\u00f5sielustaar veedavad aina rohkem aega koos"},"content":{"rendered":"<p>M\u00f5ni p\u00e4ev tagasi avaldas Beebil\u00f5ust (44) Facebookis video, mida on praeguseks vaadatud \u00fcle 128 000 korra ning kus p\u00f5lle kandev Liska (24) toimetab k\u00f6\u00f6gis, haarab j\u00e4rsku taignarulli ja liigub Beebil\u00f5usta poole, kes l\u00f6sutab diivanil, telefon n\u00e4pus. \u201eSa pole neli aastat teinud juba mitte \u00fchtegi hitti. Mis v\u00e4rk sellega on?\u201c torgib ta Beebil\u00f5usta.<\/p>\n<p>Beebil\u00f5ust k\u00fcsib Liskalt inglise keeles vastu: \u201eJa siis?\u201c Liska j\u00e4tkab: \u201eMina ei jaksa enam neid kiirnuudleid s\u00fc\u00fca,\u201c teatab ta. Diivanil puhkav Beebil\u00f5ust lausub seepeale, et k\u00f5ik Eesti r\u00e4pparid s\u00f6\u00f6vad kiirnuudleid. \u201eAndrus, palun mine stuudiosse ja tee see hitt valmis. Ma ei jaksa enam,\u201c \u00fcritab Liska Beebil\u00f5usta n\u00f5usse saada. Beebil\u00f5ust s\u00e4tib end seepeale diivanil veelgi mugavamalt sisse ja \u00fctleb: \u201eK\u00fcll ma \u00fchel p\u00e4eval l\u00e4hen, praegu pole mul selleks aega.\u201c<\/p>\n<p>Oled juba tellija?Logi sisse<\/p>\n<p><a href=\"https:\/\/kroonika.delfi.ee\/artikkel\/120586368\/uus-paar-beebiloust-ja-rapparist-tosielustaar-veedavad-aina-rohkem-aega-koos\/kommentaarid\" class=\"article-body-bottom__comment article-body-bottom__comment--write button button--primary button--size-auto\" rel=\"nofollow noopener\" target=\"_blank\"> Kommenteeri <\/a><a href=\"https:\/\/kroonika.delfi.ee\/artikkel\/120586368\/uus-paar-beebiloust-ja-rapparist-tosielustaar-veedavad-aina-rohkem-aega-koos\/kommentaarid\" class=\"article-body-bottom__comment article-body-bottom__comment--read button button--size-auto\" rel=\"nofollow noopener\" target=\"_blank\"> Loe kommentaare (15)<\/a><\/p>\n","protected":false},"excerpt":{"rendered":"M\u00f5ni p\u00e4ev tagasi avaldas Beebil\u00f5ust (44) Facebookis video, mida on praeguseks vaadatud \u00fcle 128 000 korra ning kus&hellip;\n","protected":false},"author":2,"featured_media":188207,"comment_status":"","ping_status":"","sticky":false,"template":"","format":"standard","meta":{"footnotes":"","_share_on_mastodon":"0"},"categories":[12],"tags":[4593,773,26,27,37,33,35,34,36,31,32,21,28,29,81601,19,25,23,24,22,20,30],"class_list":["post-188206","post","type-post","status-publish","format-standard","has-post-thumbnail","category-eesti","tag-andrus-elbing","tag-beebiloust","tag-breaking-news","tag-breakingnews","tag-ee","tag-eesti","tag-eesti-keel","tag-estonia","tag-estonian","tag-featured-news","tag-featurednews","tag-headlines","tag-latest-news","tag-latestnews","tag-liisi-tammoja","tag-news","tag-populaarseimad-lood","tag-top-stories","tag-topstories","tag-uldised-uudised","tag-uudised","tag-viimased-uudised"],"share_on_mastodon":{"url":"https:\/\/pubeurope.com\/@ee\/116644746584434935","error":""},"_links":{"self":[{"href":"https:\/\/www.europesays.com\/ee\/wp-json\/wp\/v2\/posts\/188206","targetHints":{"allow":["GET"]}}],"collection":[{"href":"https:\/\/www.europesays.com\/ee\/wp-json\/wp\/v2\/posts"}],"about":[{"href":"https:\/\/www.europesays.com\/ee\/wp-json\/wp\/v2\/types\/post"}],"author":[{"embeddable":true,"href":"https:\/\/www.europesays.com\/ee\/wp-json\/wp\/v2\/users\/2"}],"replies":[{"embeddable":true,"href":"https:\/\/www.europesays.com\/ee\/wp-json\/wp\/v2\/comments?post=188206"}],"version-history":[{"count":0,"href":"https:\/\/www.europesays.com\/ee\/wp-json\/wp\/v2\/posts\/188206\/revisions"}],"wp:featuredmedia":[{"embeddable":true,"href":"https:\/\/www.europesays.com\/ee\/wp-json\/wp\/v2\/media\/188207"}],"wp:attachment":[{"href":"https:\/\/www.europesays.com\/ee\/wp-json\/wp\/v2\/media?parent=188206"}],"wp:term":[{"taxonomy":"category","embeddable":true,"href":"https:\/\/www.europesays.com\/ee\/wp-json\/wp\/v2\/categories?post=188206"},{"taxonomy":"post_tag","embeddable":true,"href":"https:\/\/www.europesays.com\/ee\/wp-json\/wp\/v2\/tags?post=188206"}],"curies":[{"name":"wp","href":"https:\/\/api.w.org\/{rel}","templated":true}]}}