{"id":188420,"date":"2026-05-27T09:50:10","date_gmt":"2026-05-27T09:50:10","guid":{"rendered":"https:\/\/www.europesays.com\/ee\/188420\/"},"modified":"2026-05-27T09:50:10","modified_gmt":"2026-05-27T09:50:10","slug":"ligi-minu-tool-ei-koigu-ja-ma-pigem-kandideerin-valimistel-eesti","status":"publish","type":"post","link":"https:\/\/www.europesays.com\/ee\/188420\/","title":{"rendered":"Ligi: minu tool ei k\u00f5igu ja ma pigem kandideerin valimistel | Eesti"},"content":{"rendered":"<p>Vastates k\u00fcsimusele, kas tema positsioon rahandusministri toolil on k\u00f5ikuma l\u00f6\u00f6nud, kuna tal on olnud teravusi nii oma erakonna liikmetega kui ka Eesti 200-ga, l\u00fckkas Ligi kahtlused tagasi.<\/p>\n<p>&#8220;See rahandusminister ei ole tegelikult inimestega t\u00fclis. On ka erandeid, n\u00e4iteks altvedamisi, mida ma ei suuda koalitsiooni sees andestada. Aga ei, ma ei ole t\u00fclis. Kui kuskilt dialoogist kistakse midagi pealkirjaks, nagu viimati Mart Juurega, siis see ei ole t\u00fcli. Me saame v\u00e4ga h\u00e4sti l\u00e4bi, lihtsalt tekivad \u00e4gedad s\u00f5navahetused, juhul kui teine pool on hooletu. Mina hakkan vastu. Kui teine pool on s\u00f5nades hooletu, siis mina seda ei algata, aga ma pean vahel kaitsma Eesti riiki,&#8221; r\u00e4\u00e4kis Ligi.<\/p>\n<p>Ligi ei n\u00f5ustunud ka ajakirjaniku v\u00e4itega, et ta on valitsuse murelaps.<\/p>\n<p>&#8220;Ma ei arva, et ma olen murelaps. Iga\u00fcks v\u00f5ib ju hinnata, kas ma olen kuidagi ajas kehvaks j\u00e4\u00e4nud, aga tegelikult ma tunnen, et olen kogu aeg paremaks ja targemaks l\u00e4inud. Murelaps jah&#8230; kui ma oleksin hall hiireke, t\u00e4idaksin korraldusi ja alluksin telefoni\u00f5igusele, siis ma oleksin mugavam. Aga Eesti riik on see, mida ma teenin, ja kui leitakse, et t\u00e4htis on hiirekesi ametisse panna, siis k\u00fcll see aeg ka tuleb. Ega kannatage \u00e4ra, v\u00e4ga palju ei ole j\u00e4\u00e4nud,&#8221; r\u00e4\u00e4kis Ligi.<\/p>\n<p><img decoding=\"async\" data-photo-id=\"3597565\" src=\"https:\/\/www.europesays.com\/ee\/wp-content\/uploads\/2026\/05\/3597565h0769t24.jpg\"\/>J\u00fcrgen Ligi Autor\/allikas: Siim L\u00f5vi \/ERR<\/p>\n<p>Valimistel Ligi pigem kandideerib<\/p>\n<p>Kuigi Ligi nentis, et praegune \u00fchiskondlik vimm kandub talle isiklikult tugevalt \u00fcle, kavatseb ta kevadistel valimistel pigem siiski meeskonna toetuseks osaleda.<\/p>\n<p>&#8220;Ega see n\u00fc\u00fcd nii kindel ole, ma vaatan, kuhu erakond t\u00fc\u00fcrib. Ega minu meeleolu ei ole k\u00f5ige optimistlikum, aga see s\u00f5ltub ikkagi sellest: kui erakond oma liini hoiab ega l\u00e4he populistlikuks k\u00e4tte, siis k\u00fcll ma ikka kandideerin. Aga ma ei looda seekord h\u00e4\u00e4li tuua. On selge, et see meeskonna ebapopulaarsus kandub minule \u00fcle v\u00f5ib-olla rohkemgi, kui vaja oleks, kuigi ma olen olnud ka populaarsuse aegadel samadel positsioonidel, nii et ma ei loe ennast p\u00f5hjuseks,&#8221; selgitas Ligi.<\/p>\n<p>&#8220;Ma pigem kandideerin, aga ma ei \u00fctle seda n\u00fc\u00fcd sellise kirega. Ma l\u00e4hen, sest pean oma meeskonda aitama ja kaitsma neid asju, mis on Eestis h\u00e4sti tehtud. Isiklikult mul seda ju t\u00f5esti vaja ei ole, aga samas ma ei saa kuidagi \u00f6elda, et mul energia v\u00f5i teadmised oleksid kehvemaks l\u00e4inud \u2013 pigem on teadmised igal juhul paremaks l\u00e4inud,&#8221; lisas Ligi.<\/p>\n<p>Valmis omadega laupkokkup\u00f5rkesse minema<\/p>\n<p>Suurim pingekoht on eelseisva riigieelarve kokkupanek, kus paljud poliitikud soovivad valimiste eel teha maksumaksja raha eest neile kingitusi. Ligi kinnitas, et on valmis minema selliste ettepanekute tegijatega laupkokkup\u00f5rkesse, ning tunnistas, et populistlikud tendentsid on hiilinud ka Reformierakonda.<\/p>\n<p>&#8220;Poliitiline kultuur on l\u00e4inud minu silmis v\u00e4ga kehvaks ja ka minu erakonnas on loomulikult tahe sellistes asjades kaasa konkureerida. Aga suurusj\u00e4rgud on erinevad \u2013 \u00fchel on kaks nulli taga selles, mida tahetakse teha kiiremini, kui tegelikult plaanis on,&#8221; s\u00f5nas minister.<\/p>\n<p>&#8220;Me ei ole kindlasti k\u00f5ige hullemad selles, aga k\u00fcsimus oli, et kas meie hulgas on samad tendentsid. Mina pean tegelikult ka oma fraktsioonis meeleolukaotuste puhul selgitama, et v\u00f5tke n\u00fc\u00fcd rahulikult \u2013 see ongi meie missioon see tee l\u00f5puni k\u00e4ia, nii palju kui suudame,&#8221; lisas Ligi.<\/p>\n<p>Ligi kirjeldas ka hiljutist erakonnasisest konflikti, kus tal tuli eelarve tasakaalu eest v\u00f5idelda.<\/p>\n<p>&#8220;Ka eile viskasin ma toru \u00e4ra \u00fche k\u00f5ne peale, kus taheti v\u00f5idelda \u00fche miljoni p\u00e4rast, mida sooviti samuti erakorraliselt teha. Need on pisiasjad, sest teised teevad sarnaseid asju sadades miljonites. Aga k\u00fcsimus on just p\u00f5him\u00f5ttes, et me hoiame oma vagu ja meil on mingid eelarvevastutuse reeglid. Seda ma pidin neile selgitama. L\u00f5puks l\u00e4ks asi minu jaoks ikka v\u00e4ga kurjaks, sest kuulda ei v\u00f5etud. Toetusi t\u00f5stetakse ikkagi aasta alguses ja kui kulude k\u00e4rpimise n\u00e4ol ei ole v\u00e4ga selget katet v\u00f5tta, siis see ongi see, mida ma eile ajasin,&#8221; r\u00e4\u00e4kis Ligi.<\/p>\n<p>K\u00fcsimusele, kas umbes 10-protsendilise toetusega Reformierakonna juhi ja peaministri Kristen Michali v\u00e4ljavahetamine oleks praeguses olukorras hullumeelsus, vastas Ligi, et tema seda kindlasti \u00fctlema ei hakkaks, isegi kui ma nii m\u00f5tleksin, sest sel juhul oleks see erakonnasisese stabiilsuse rikkumine.<\/p>\n<p>&#8220;Aga mu instinktid on alati olnud poliitilises stabiilsuses. Ma arvan, et tegelikult peaksid valitsused kestma neli aastat ja kandma oma risti. Keegi v\u00f5ib-olla peab seda kahtlaseks, aga ma olen alati olnud mures nende muutuste p\u00e4rast, mis toimuvad valitsuse vahetustega \u2013 sest siis l\u00e4heb t\u00f5siseks vorstikauplemiseks ja rebimiseks ning maksumaksja maksab alati v\u00e4ga palju rohkem,&#8221; s\u00f5nas Ligi.<\/p>\n","protected":false},"excerpt":{"rendered":"Vastates k\u00fcsimusele, kas tema positsioon rahandusministri toolil on k\u00f5ikuma l\u00f6\u00f6nud, kuna tal on olnud teravusi nii oma erakonna&hellip;\n","protected":false},"author":2,"featured_media":188421,"comment_status":"","ping_status":"","sticky":false,"template":"","format":"standard","meta":{"footnotes":"","_share_on_mastodon":"0"},"categories":[5],"tags":[26,27,37,33,35,34,36,31,32,21,746,28,29,19,25,27938,69478,643,333,23,24,22,20,30],"class_list":["post-188420","post","type-post","status-publish","format-standard","has-post-thumbnail","category-uldised-uudised","tag-breaking-news","tag-breakingnews","tag-ee","tag-eesti","tag-eesti-keel","tag-estonia","tag-estonian","tag-featured-news","tag-featurednews","tag-headlines","tag-jurgen-ligi","tag-latest-news","tag-latestnews","tag-news","tag-populaarseimad-lood","tag-rahandusminister","tag-rahandusminister-jurgen-ligi","tag-reformierakond","tag-reitingud","tag-top-stories","tag-topstories","tag-uldised-uudised","tag-uudised","tag-viimased-uudised"],"share_on_mastodon":{"url":"https:\/\/pubeurope.com\/@ee\/116645922485392508","error":""},"_links":{"self":[{"href":"https:\/\/www.europesays.com\/ee\/wp-json\/wp\/v2\/posts\/188420","targetHints":{"allow":["GET"]}}],"collection":[{"href":"https:\/\/www.europesays.com\/ee\/wp-json\/wp\/v2\/posts"}],"about":[{"href":"https:\/\/www.europesays.com\/ee\/wp-json\/wp\/v2\/types\/post"}],"author":[{"embeddable":true,"href":"https:\/\/www.europesays.com\/ee\/wp-json\/wp\/v2\/users\/2"}],"replies":[{"embeddable":true,"href":"https:\/\/www.europesays.com\/ee\/wp-json\/wp\/v2\/comments?post=188420"}],"version-history":[{"count":0,"href":"https:\/\/www.europesays.com\/ee\/wp-json\/wp\/v2\/posts\/188420\/revisions"}],"wp:featuredmedia":[{"embeddable":true,"href":"https:\/\/www.europesays.com\/ee\/wp-json\/wp\/v2\/media\/188421"}],"wp:attachment":[{"href":"https:\/\/www.europesays.com\/ee\/wp-json\/wp\/v2\/media?parent=188420"}],"wp:term":[{"taxonomy":"category","embeddable":true,"href":"https:\/\/www.europesays.com\/ee\/wp-json\/wp\/v2\/categories?post=188420"},{"taxonomy":"post_tag","embeddable":true,"href":"https:\/\/www.europesays.com\/ee\/wp-json\/wp\/v2\/tags?post=188420"}],"curies":[{"name":"wp","href":"https:\/\/api.w.org\/{rel}","templated":true}]}}