{"id":188492,"date":"2026-05-27T11:18:14","date_gmt":"2026-05-27T11:18:14","guid":{"rendered":"https:\/\/www.europesays.com\/ee\/188492\/"},"modified":"2026-05-27T11:18:14","modified_gmt":"2026-05-27T11:18:14","slug":"lopuks-gourami-katte-saanud-henn-temas-on-tehnilisus-ja-kvaliteet-loomus-ja-ootamatus-varjundist-paalbergist-ainsalust-soccernet-ee","status":"publish","type":"post","link":"https:\/\/www.europesays.com\/ee\/188492\/","title":{"rendered":"L\u00f5puks Gourami k\u00e4tte saanud Henn: temas on tehnilisus ja kvaliteet, loomus ja ootamatus (+ Varjundist, Paalbergist, Ainsalust) &#8211; Soccernet.ee"},"content":{"rendered":"<p><img decoding=\"async\" src=\"https:\/\/www.europesays.com\/ee\/wp-content\/uploads\/2026\/05\/1760112670.jpg\" alt=\"Eesti koondise peatreener J\u00fcrgen Henn. Foto: Liisi Troska \/ jalgpall.ee\"\/>&#13;\n<\/p>\n<p>Eesti meeste koondis asub m\u00e4ngima Balti turniiri. Peatreener J\u00fcrgen Henn p\u00f5hjendas, miks on valikus n\u00e4iteks Frank Liivak, aga mitte Mihkel Ainsalu v\u00f5i Alex Matthias Tamm.<\/p>\n<p>Henn alustas pressikonverentsi nentides, et kunagi pole koosseis seline, nagu tahaks. Mehi j\u00e4i k\u00f5rvale nii tervislikel kui isiklikel p\u00f5hjustel. N\u00e4iteks on terviseh\u00e4dad murdnud maha Maksim Paskot\u0161i, Joonas Tamme ja Marten-Chris Paalbergi. Muudel p\u00f5hjustel j\u00e4\u00e4vad eemale Michael Schj\u00f6nning-Larsen, Matvei Igonen ja abieluranda s\u00f5udev Karl Andre Vallner.&#13;\n<\/p>\n<p>&#8220;Kuna nad palusid sellist v\u00f5imalust juba varem, siis leppisime niimoodi kokku,&#8221; avas Henn kergelt. &#8220;Teistpidi n\u00e4en, et kandev tuumik on s\u00e4ilinud, mis on t\u00e4htis,&#8221; kinnitas ta.&#13;\n<\/p>\n<p>Eesti koondise jaoks on kahtlemata oluline, et Balti turniiriks tervenesid m\u00f5lemad liidrid &#8211; kapten Karol Mets ja esikinnas Karl Jakob Hein. Henni s\u00f5nul tunneb Mets end piisavalt h\u00e4sti ja stabiilselt, et turniiri kaasa teha. Ka Heina osas on ta pigem kindel, kuid samas ei pelga ka, kui peab kasutama kas Kaur Kivilat v\u00f5i Henri Perki.<\/p>\n<p>&#8220;Vaatame k\u00f5igepealt, kuidas Karl end treeningutel tunneb. L\u00e4hme m\u00e4ng korraga. Praegu 100% vastust ei saa \u00f6elda [kes m\u00e4ngib]. \u00d5nneks on meil kaasas Kaur ja Henri, kes olid meiega ka eelmine laager. Jah, ka teised v\u00e4ravavahid on meil heas seisus ja p\u00e4ris tundmatusse kohta ei tule. Selles m\u00f5ttes tunnen p\u00e4ris h\u00e4sti.&#8221;&#13;\n<\/p>\n<p>Liivakust, Gouramist ja Varjundist&#13;\n<\/p>\n<p>Veidi v\u00e4hem kui nelja-aastase pausi j\u00e4rel on koondises tagasi Frank Liivak. Teenitud 25 koondisem\u00e4ngust viimane tuli Liivaku jaoks 2022. aasta s\u00fcgisel, enne seda m\u00e4ngis ta enam-v\u00e4hem j\u00e4rjepanu aastatel 2019-2020. Henn selgitas, et talle meeldib Tallinna FCI Levadia \u00e4\u00e4rekaitsja isukus ja praegune hoog.&#13;\n<\/p>\n<p><img decoding=\"async\" src=\"https:\/\/www.europesays.com\/ee\/wp-content\/uploads\/2026\/05\/1777740643.jpg\" alt=\"Frank Liivak on pika pausi j\u00e4rel tagasi koondises. Foto: Allan Mehik\"\/>&#13;\n<\/p>\n<p>&#8220;Ma arvan, et oleme kohati eriti wing-back&#8217;ides tundnud puudust v\u00f5imest midagi r\u00fcnnakul \u00e4ra teha. Ta on k\u00f5vasti minuteid teeninud, pakub energiat, mida koondis vajab, ja tuleb alati isuga, tahab m\u00e4ngida. Ta on endine r\u00fcndaja, kes on saanud n\u00fc\u00fcd ka kaitses m\u00e4ngida. Leian, et konkurents sellel positsioonil on v\u00e4ga tervitatav,&#8221; s\u00f5nas Henn.<\/p>\n<p>L\u00f5puks on A-koondise valikus ka Soufian Gouram, kes on mitmel puhul kui kuulunud valitute sekka, kuid siis on tulnud vahele m\u00f5ni tervisemure. Hiljuti Berliini Herthas uue lepingu s\u00f5lminud ja Saksamaa esiliigas deb\u00fcteerinud poolkaitsjast peab Henn v\u00e4gagi lugu.&#13;\n<\/p>\n<p>&#8220;Oleme hoidnud tal pikka aega silma peal, kuidas ta on arenenud klubis ja koondises. Tal on olnud varasemalt tervisemuresid, on olnud valel ajal haige v\u00f5i vigastatud, aga praegu on see \u00f5ige moment, kus ta kutset v\u00e4\u00e4rib ka arvestades seda, et tegi klubis p\u00e4ris suure sammu edasi ja on ka U21 koondises \u00fcks silmapaistvamaid m\u00e4ngijaid,&#8221; r\u00e4\u00e4kis Henn. &#8220;Ma v\u00f5rdleks teda \u00fchest k\u00fcljest Rocco Sheiniga. Ta pole k\u00fcll nii v\u00f5imas, aga tal on eriline omadus palli s\u00e4ilitada, surve all m\u00e4ngida. Selline tehnilisus, kvaliteet, loomus, ootamatus. Kindlasti vajame selliseid m\u00e4ngijaid.&#8221;&#13;\n<\/p>\n<p><img decoding=\"async\" src=\"https:\/\/www.europesays.com\/ee\/wp-content\/uploads\/2026\/05\/1757098892.jpg\" alt=\"Soufian Gourami on Henn pikalt tahtnud. Foto: Katariina Peetson \/ jalgpall.ee\"\/>&#13;\n<\/p>\n<p>U21 koondisest on k\u00f5rgemale edutatud ka Tony Varjund, kes k\u00e4is vahepeal Hollandis k\u00fcpsemas, aga n\u00fc\u00fcd on tagasi Tallinna FC Floras. Ka tema on U21 koondises \u00fcks s\u00e4ravamaid l\u00fclisid, kel n\u00e4iteks \u00f5nnestus s\u00fcgisel Prantsusmaa noorte vastu skoori teha. T\u00e4navu on tal Premium liigas kirjas kolm v\u00e4ravas\u00f6\u00f6tu.<\/p>\n<p>&#8220;Temaga on selles m\u00f5ttes sarnane lugu nagu Gouramiga. Ta on U21 koondise m\u00e4ngudes t\u00f5estanud, et rahvusvaheline tase ka tugevate on talle j\u00f5ukohane. Need m\u00e4ngud on n\u00e4idanud, et ta on nii tehniliselt kui f\u00fc\u00fcsiliselt valmis selleks jalgpalliks. Pluss viimased liigam\u00e4ngud on ta t\u00f5estanud, et ta on selline m\u00e4ngija, kes paneb ka pressingusse v\u00e4ga palju energiat. See on t\u00e4htis eriti meiesuguse koondise jaoks, kelle jaoks kaitse algab sealt eestpoolt ja peame olema valmis t\u00f6\u00f6tama veri ninast v\u00e4ljas.&#8221;&#13;\n<\/p>\n<p>Tammest, Anierist, Paalbergist, Ainsalust ja Hussarist&#13;\n<\/p>\n<p>R\u00fcndeliinist on see-eest puudu aga Alex Matthias Tamm ja Henri Anier, kes on muidu olnud kaasas \u00fcsna l\u00e4bivalt. F\u00fc\u00fcsiliselt v\u00f5imsate r\u00fcndajate puudumise taga on aga minutite nappus: Anieri on seganud tervisemured, Tamm ei teeninud \u0160otimaal Livingstonis usaldust. Viimastel kuudel ei saanud ta kohati isegi koosseisu, poole hooaja peale tuli kokku vaid 50 m\u00e4nguminutit.&#13;\n<\/p>\n<p>Henn r\u00e4\u00e4kis, et suhtles nende m\u00f5lemaga ja selgitas, et vajas turniiriks nii mentaalset kui f\u00fc\u00fcsilist v\u00e4rskust. &#8220;Vajame m\u00e4ngijaid, kes on 100 protsenti valmis toomas nii pressingus kui ilma pallita m\u00e4ngus intensiivsust. Nad m\u00f5lemad on olnud natuke raskes seisus, aga loodan, et asjad l\u00e4hevad \u00fclesm\u00e4ge &#8211; \u00f5nneks on piisavalt aega, et nad m\u00f5lemad saaksid s\u00fcgiseks vormi,&#8221; kinnitas ta. &#8220;Alexil on v\u00e4ga-v\u00e4ga pikk m\u00e4ngupaus olnud. V\u00e4ga raske aeg, mida mentaalselt \u00fcle elada. Koos otsustasime, et parem on v\u00f5tta aeg maha, et olla s\u00fcgisel v\u00e4rske ja n\u00e4ljasena tagasi.&#8221;<\/p>\n<p>Mis seis on aga Marten-Chris Paalbergiga, kelle start Prantsusmaal on j\u00e4\u00e4nud toppama? Henni s\u00f5nul v\u00f5is asi olla n-\u00f6 kiires \u00fcleminekus Eesti vutist rahvusvahelisse. &#8220;Tal on olnud kaks p\u00f5lvemuret, mis on tekkinud kas \u00fclekoormusest &#8211; see koormuse t\u00f5us Eestist p\u00e4rast puhkust minnes oli p\u00e4ris suur h\u00fcpe &#8211; siis ta tuli tagasi, hakkas treenima ja p\u00f5lvevalu l\u00f5i uuesti v\u00e4lja. Hetkel on ta prognoositav tagasitulekuaeg meeskonna treeningutele juuni l\u00f5pus.&#8221;&#13;\n<\/p>\n<p><img decoding=\"async\" src=\"https:\/\/www.europesays.com\/ee\/wp-content\/uploads\/2026\/05\/1763506164.jpg\" alt=\"Marten-Chris Paalbergi on tabanud mitmed tagasil\u00f6\u00f6gid. Foto: Liisi Troska \/ jalgpall.ee\"\/>&#13;\n<\/p>\n<p>Henn andis m\u00f5ista, et oleks koondisesse kaasanud ka Mihkel Ainsalu. K\u00fcll aga eelistas kogenud poolkaitsja keskenduda tegemistele Levadias, kes on \u00fcsna enesekindlalt hoidmas Premium liiga esikohta. Ainsalu on p\u00fcsinud p\u00f5hi- ja v\u00f5tmem\u00e4ngijana ka individuaalselt heas hoos. Ka v\u00f5iks koondises pead t\u00f5sta samuti s\u00e4rav Mark Oliver Roosnupp.&#13;\n<\/p>\n<p>&#8220;[Need nimed] k\u00e4isid ikka l\u00e4bi, loomulikult! Levadia on leidnud v\u00e4ga hea hoo, suur tunnustus ka treenerile, kes on leidnud v\u00e4ga head rollid just Oliverile ja Mihklile. Olen Mihkliga olnud pikalt suhtluses, juba talvest saadik, ja ta hetkel tunneb, et tahab keskenduda rohkem klubi tegemistele, mis on tulnud tundub ka, et kasuks. S\u00fcgisel vaatame uuesti. Tema profiil ja liidriomadused, see, kuidas ta eelmistes laagrites on olnud &#8230; Ta on olnud t\u00e4htis l\u00fcli,&#8221; kirjeldas Henn.<\/p>\n<p>Natuke teistsuguses rollis on samas olnud v\u00e4lismaale siirdunud Kristo Hussar. Kui ta pole Trencini esindusmeeskonna eest peale saanud, on ta meelsasti rassinud duubli rivistuses. Selline suhtumine Hennile meeldib ja mingit probleemi natuke madalamal m\u00e4ngimises ta ei n\u00e4e.&#13;\n<\/p>\n<p>&#8220;Eriti v\u00e4lismaal ei pruugi asjad minna nii nagu tahaks, siis tuleb need mentaalselt rasked olukorrad \u00fcle elada ja n\u00e4idata treenerile, et kohe, kui v\u00f5imalus peaks tekkima, olen heas seisus ja minu taha midagi ei j\u00e4\u00e4. L\u00f5puks on see treeneri otsus ja alati ei tundu need m\u00e4ngijatele k\u00f5ige \u00f5igemad v\u00f5i ausamad. Ma arvan, et Kristo on sellele olukorrale h\u00e4sti reageerinud, v\u00f5tnud sellest nii palju, kui saab. Teades tema t\u00f6\u00f6kust, siis \u00fchel hetkel l\u00f6\u00f6vad sellised karakterid, kes ei anna j\u00e4rgi, \u00fchel v\u00f5i teisel hetkel l\u00e4bi.&#8221;                         <\/p>\n","protected":false},"excerpt":{"rendered":"&#13; Eesti meeste koondis asub m\u00e4ngima Balti turniiri. Peatreener J\u00fcrgen Henn p\u00f5hjendas, miks on valikus n\u00e4iteks Frank Liivak,&hellip;\n","protected":false},"author":2,"featured_media":188493,"comment_status":"","ping_status":"","sticky":false,"template":"","format":"standard","meta":{"footnotes":"","_share_on_mastodon":"0"},"categories":[5],"tags":[5702,6881,26,27,37,33,35,5290,34,36,31,32,14767,21,532,8054,33281,6611,28,29,12592,5176,19,25,761,23,24,22,20,4975,30],"class_list":["post-188492","post","type-post","status-publish","format-standard","has-post-thumbnail","category-uldised-uudised","tag-ainsalu","tag-anier","tag-breaking-news","tag-breakingnews","tag-ee","tag-eesti","tag-eesti-keel","tag-eesti-meeste-koondis","tag-estonia","tag-estonian","tag-featured-news","tag-featurednews","tag-gouram","tag-headlines","tag-hein","tag-henn","tag-hussar","tag-jurgen-henn","tag-latest-news","tag-latestnews","tag-liivak","tag-mets","tag-news","tag-populaarseimad-lood","tag-tamm","tag-top-stories","tag-topstories","tag-uldised-uudised","tag-uudised","tag-varjund","tag-viimased-uudised"],"share_on_mastodon":{"url":"https:\/\/pubeurope.com\/@ee\/116646268674293758","error":""},"_links":{"self":[{"href":"https:\/\/www.europesays.com\/ee\/wp-json\/wp\/v2\/posts\/188492","targetHints":{"allow":["GET"]}}],"collection":[{"href":"https:\/\/www.europesays.com\/ee\/wp-json\/wp\/v2\/posts"}],"about":[{"href":"https:\/\/www.europesays.com\/ee\/wp-json\/wp\/v2\/types\/post"}],"author":[{"embeddable":true,"href":"https:\/\/www.europesays.com\/ee\/wp-json\/wp\/v2\/users\/2"}],"replies":[{"embeddable":true,"href":"https:\/\/www.europesays.com\/ee\/wp-json\/wp\/v2\/comments?post=188492"}],"version-history":[{"count":0,"href":"https:\/\/www.europesays.com\/ee\/wp-json\/wp\/v2\/posts\/188492\/revisions"}],"wp:featuredmedia":[{"embeddable":true,"href":"https:\/\/www.europesays.com\/ee\/wp-json\/wp\/v2\/media\/188493"}],"wp:attachment":[{"href":"https:\/\/www.europesays.com\/ee\/wp-json\/wp\/v2\/media?parent=188492"}],"wp:term":[{"taxonomy":"category","embeddable":true,"href":"https:\/\/www.europesays.com\/ee\/wp-json\/wp\/v2\/categories?post=188492"},{"taxonomy":"post_tag","embeddable":true,"href":"https:\/\/www.europesays.com\/ee\/wp-json\/wp\/v2\/tags?post=188492"}],"curies":[{"name":"wp","href":"https:\/\/api.w.org\/{rel}","templated":true}]}}