{"id":188536,"date":"2026-05-27T12:13:08","date_gmt":"2026-05-27T12:13:08","guid":{"rendered":"https:\/\/www.europesays.com\/ee\/188536\/"},"modified":"2026-05-27T12:13:08","modified_gmt":"2026-05-27T12:13:08","slug":"galerii-%e2%9f%a9-ule-800-kubereksperdi-arutasid-tallinnas-kuberkaitse-tulevikku","status":"publish","type":"post","link":"https:\/\/www.europesays.com\/ee\/188536\/","title":{"rendered":"GALERII \u27e9 \u00dcle 800 k\u00fcbereksperdi arutasid Tallinnas k\u00fcberkaitse tulevikku"},"content":{"rendered":"<p>T\u00e4na sai aval\u00f6\u00f6gi NATO k\u00fcberkaitsekoost\u00f6\u00f6 keskuse korraldatav 18. rahvusvaheline k\u00fcberkonfliktide konverents CyCon 2026: SecuringTomorrow, mis toob kokku \u00fcle 800 osaleja pea 50 riigist.<\/p>\n<p class=\"x_x_MsoNormal\">Nelja p\u00e4eva jooksul otsivad poliitikakujundajad, militaareksperdid, \u00f5igusteadlased ja erasektori esindajad Tallinnas \u00fchiseid vastuseid k\u00fcberruumi k\u00f5ige aktuaalsematele k\u00fcsimustele.<\/p>\n","protected":false},"excerpt":{"rendered":"T\u00e4na sai aval\u00f6\u00f6gi NATO k\u00fcberkaitsekoost\u00f6\u00f6 keskuse korraldatav 18. rahvusvaheline k\u00fcberkonfliktide konverents CyCon 2026: SecuringTomorrow, mis toob kokku \u00fcle&hellip;\n","protected":false},"author":2,"featured_media":188537,"comment_status":"","ping_status":"","sticky":false,"template":"","format":"standard","meta":{"footnotes":"","_share_on_mastodon":"0"},"categories":[12],"tags":[26,27,81656,37,33,35,34,36,31,32,21,21640,28,29,19,25,23,24,22,20,30],"class_list":["post-188536","post","type-post","status-publish","format-standard","has-post-thumbnail","category-eesti","tag-breaking-news","tag-breakingnews","tag-cycon-2026-securingtomorrow","tag-ee","tag-eesti","tag-eesti-keel","tag-estonia","tag-estonian","tag-featured-news","tag-featurednews","tag-headlines","tag-kuberkaitse","tag-latest-news","tag-latestnews","tag-news","tag-populaarseimad-lood","tag-top-stories","tag-topstories","tag-uldised-uudised","tag-uudised","tag-viimased-uudised"],"share_on_mastodon":{"url":"https:\/\/pubeurope.com\/@ee\/116646484812090059","error":""},"_links":{"self":[{"href":"https:\/\/www.europesays.com\/ee\/wp-json\/wp\/v2\/posts\/188536","targetHints":{"allow":["GET"]}}],"collection":[{"href":"https:\/\/www.europesays.com\/ee\/wp-json\/wp\/v2\/posts"}],"about":[{"href":"https:\/\/www.europesays.com\/ee\/wp-json\/wp\/v2\/types\/post"}],"author":[{"embeddable":true,"href":"https:\/\/www.europesays.com\/ee\/wp-json\/wp\/v2\/users\/2"}],"replies":[{"embeddable":true,"href":"https:\/\/www.europesays.com\/ee\/wp-json\/wp\/v2\/comments?post=188536"}],"version-history":[{"count":0,"href":"https:\/\/www.europesays.com\/ee\/wp-json\/wp\/v2\/posts\/188536\/revisions"}],"wp:featuredmedia":[{"embeddable":true,"href":"https:\/\/www.europesays.com\/ee\/wp-json\/wp\/v2\/media\/188537"}],"wp:attachment":[{"href":"https:\/\/www.europesays.com\/ee\/wp-json\/wp\/v2\/media?parent=188536"}],"wp:term":[{"taxonomy":"category","embeddable":true,"href":"https:\/\/www.europesays.com\/ee\/wp-json\/wp\/v2\/categories?post=188536"},{"taxonomy":"post_tag","embeddable":true,"href":"https:\/\/www.europesays.com\/ee\/wp-json\/wp\/v2\/tags?post=188536"}],"curies":[{"name":"wp","href":"https:\/\/api.w.org\/{rel}","templated":true}]}}