{"id":188665,"date":"2026-05-27T15:00:10","date_gmt":"2026-05-27T15:00:10","guid":{"rendered":"https:\/\/www.europesays.com\/ee\/188665\/"},"modified":"2026-05-27T15:00:10","modified_gmt":"2026-05-27T15:00:10","slug":"joller-ja-pakosta-panid-pead-kokku-riik-muudab-seadust-nii-et-elatisabi-ei-kusita-enam-tagasi","status":"publish","type":"post","link":"https:\/\/www.europesays.com\/ee\/188665\/","title":{"rendered":"Joller ja Pakosta panid pead kokku: riik muudab seadust nii, et elatisabi ei k\u00fcsita enam tagasi"},"content":{"rendered":"<p>P\u00f5hjuse selleks andis t\u00e4nases Ekspressis ilmunud \u00fcksikema lugu, kellelt riik n\u00f5uab tagantj\u00e4rele elatisabi. <\/p>\n<p><a href=\"http:\/\/ekspress.delfi.ee\/artikkel\/120585412\/absurd-elatist-noudnud-uksikema-jai-riigile-volgu-sest-isal-on-rasked-ajad#dalrel-in-article\" class=\"content-embedded-articles-single__embedded-article\" data-v-469265ed=\"\" rel=\"nofollow noopener\" target=\"_blank\"><\/p>\n<p> 27.05.2026 <\/p>\n<p> Absurd: elatist n\u00f5udnud \u00fcksikema j\u00e4i riigile v\u00f5lgu, sest isal on rasked ajad  (366) <\/p>\n<p><\/a><\/p>\n<p>Praegu maksab riik elatisabi kohtumenetluse, t\u00e4itemenetluse ja pankrotimenetluse ajal. Selle suurus on 200 eurot kuus lapse kohta, seda makstakse kuni 150 p\u00e4eva. Summa n\u00f5uab riik hiljem v\u00e4lja elatisv\u00f5lglaselt. <\/p>\n<p>K\u00e4rolini lugu n\u00e4itab, et v\u00f5ib ka teisiti minna. <\/p>\n<p>\u201ePraegune olukord on karjuvalt eba\u00f5iglane nii \u00fcksikvanemate suhtes, kes peavad elatise saamiseks kohtusse p\u00f6\u00f6rduma, kui ka laste suhtes,\u201c t\u00f5des sotsiaalminister Karmen Joller. <\/p>\n<p>Nii arutasidki Joller ja justiits- ja digiminister Liisa Pakosta t\u00e4na olukorda ja leidsid, et tuleb teha kiire  seadusemuudatus. Selle tulemusena kohtumenetlusaegset elatisabi enam vanemalt tagasi ei n\u00f5uta. <\/p>\n<p>Muudatus valmistatakse ette kiirkorras juba j\u00e4rgmise n\u00e4dala jooksul.<\/p>\n<p>Jolleri s\u00f5nul ei tohi olla juriidiliselt korrektseid olukordi, mis sisult on inimlikult eba\u00f5iglased \u2013 nagu praegu, mil elatisabi tuleb tagasi maksta vanemal, kes tegelikult lapsi kasvatab. <\/p>\n<p>Mullu sai kohtumenetlusaegset elatisabi 582 last. Elatisabi tagasin\u00f5udeid on viimastel aastatel olnud umbes 300\u2013400 ning riik on tagasi saanud vaid kolmandiku.<\/p>\n<p>\u201eArvestame, et tegu on v\u00e4ikese kuluga, mida riik tagasi ei saa,\u201c \u00fctles Joller.<\/p>\n<p>Elatisabi kogueelarve on umbes 13,5 mln eurot ja kohtumenetlusaegse elatisabi tagasimakseid on olnud aastas umbes 50 000 euro ulatuses. <\/p>\n<p>Kuidas see lugu Sind end tundma pani? Saada <a href=\"https:\/\/ekspress.delfi.ee\/artikkel\/120586767\/joller-ja-pakosta-panid-pead-kokku-riik-muudab-seadust-nii-et-elatisabi-ei-kusita-enam-tagasi\/kommentaarid\" class=\"article-body-bottom__comment article-body-bottom__comment--write button button--primary button--size-auto\" rel=\"nofollow noopener\" target=\"_blank\"> Kommenteeri <\/a><a href=\"https:\/\/ekspress.delfi.ee\/artikkel\/120586767\/joller-ja-pakosta-panid-pead-kokku-riik-muudab-seadust-nii-et-elatisabi-ei-kusita-enam-tagasi\/kommentaarid\" class=\"article-body-bottom__comment article-body-bottom__comment--read button button--size-auto\" rel=\"nofollow noopener\" target=\"_blank\"> Loe kommentaare (22)<\/a><\/p>\n","protected":false},"excerpt":{"rendered":"P\u00f5hjuse selleks andis t\u00e4nases Ekspressis ilmunud \u00fcksikema lugu, kellelt riik n\u00f5uab tagantj\u00e4rele elatisabi. 27.05.2026 Absurd: elatist n\u00f5udnud \u00fcksikema&hellip;\n","protected":false},"author":2,"featured_media":188666,"comment_status":"","ping_status":"","sticky":false,"template":"","format":"standard","meta":{"footnotes":"","_share_on_mastodon":"0"},"categories":[5],"tags":[5554,26,27,37,33,5551,35,5552,34,36,31,32,5555,21,28,29,19,5557,5553,25,5556,23,24,22,20,30],"class_list":["post-188665","post","type-post","status-publish","format-standard","has-post-thumbnail","category-uldised-uudised","tag-areen","tag-breaking-news","tag-breakingnews","tag-ee","tag-eesti","tag-eesti-ekspress","tag-eesti-keel","tag-ekspress","tag-estonia","tag-estonian","tag-featured-news","tag-featurednews","tag-flash","tag-headlines","tag-latest-news","tag-latestnews","tag-news","tag-onne-valem","tag-persoon","tag-populaarseimad-lood","tag-sahinad","tag-top-stories","tag-topstories","tag-uldised-uudised","tag-uudised","tag-viimased-uudised"],"share_on_mastodon":{"url":"https:\/\/pubeurope.com\/@ee\/116647141390324634","error":""},"_links":{"self":[{"href":"https:\/\/www.europesays.com\/ee\/wp-json\/wp\/v2\/posts\/188665","targetHints":{"allow":["GET"]}}],"collection":[{"href":"https:\/\/www.europesays.com\/ee\/wp-json\/wp\/v2\/posts"}],"about":[{"href":"https:\/\/www.europesays.com\/ee\/wp-json\/wp\/v2\/types\/post"}],"author":[{"embeddable":true,"href":"https:\/\/www.europesays.com\/ee\/wp-json\/wp\/v2\/users\/2"}],"replies":[{"embeddable":true,"href":"https:\/\/www.europesays.com\/ee\/wp-json\/wp\/v2\/comments?post=188665"}],"version-history":[{"count":0,"href":"https:\/\/www.europesays.com\/ee\/wp-json\/wp\/v2\/posts\/188665\/revisions"}],"wp:featuredmedia":[{"embeddable":true,"href":"https:\/\/www.europesays.com\/ee\/wp-json\/wp\/v2\/media\/188666"}],"wp:attachment":[{"href":"https:\/\/www.europesays.com\/ee\/wp-json\/wp\/v2\/media?parent=188665"}],"wp:term":[{"taxonomy":"category","embeddable":true,"href":"https:\/\/www.europesays.com\/ee\/wp-json\/wp\/v2\/categories?post=188665"},{"taxonomy":"post_tag","embeddable":true,"href":"https:\/\/www.europesays.com\/ee\/wp-json\/wp\/v2\/tags?post=188665"}],"curies":[{"name":"wp","href":"https:\/\/api.w.org\/{rel}","templated":true}]}}