{"id":188771,"date":"2026-05-27T17:19:18","date_gmt":"2026-05-27T17:19:18","guid":{"rendered":"https:\/\/www.europesays.com\/ee\/188771\/"},"modified":"2026-05-27T17:19:18","modified_gmt":"2026-05-27T17:19:18","slug":"turgi-suurklubi-esitas-euroliiga-final-fouris-juhtunu-kohta-ametliku-kaebuse-2","status":"publish","type":"post","link":"https:\/\/www.europesays.com\/ee\/188771\/","title":{"rendered":"T\u00fcrgi suurklubi esitas Euroliiga Final Fouris juhtunu kohta ametliku kaebuse"},"content":{"rendered":"<p>Fenerbahce teatas, et kaebas Euroliigale nelja klubi osalusega finaalturniiri korralduslike probleemide ja piletijamade t\u00f5ttu.<\/p>\n<p>Klubi s\u00f5nul esinesid suured probleemid poolfinaalis, mil Fenerbahce f\u00e4nnide piletitel olid istekohad valesti m\u00e4rgitud. Samuti oli toetajatel keeruline pileteid k\u00e4tte saada. Klubi v\u00e4itel olid piletiprobleemid vaid \u00fcks osa kogu negatiivsest kogemusest.<\/p>\n<p>Fenerbahce r\u00f5hutas, et nimetatud probleemid ei m\u00f5jutanud ainult f\u00e4nne, vaid ka m\u00e4ngijate ja treenerite perekondi, kes reisisid kohale, et omasid toetada.<\/p>\n<p>Klubi esitas k\u00f5ik kaebused detailselt Euroliigale ning n\u00f5uab l\u00e4bipaistvaid ja mahukaid selgitusi iga kaebuse kohta.<\/p>\n<p>Avalduses lisati, et klubi j\u00e4lgib kogu protsessi pingsalt, et kaitsta oma f\u00e4nne ning tagada, et tulevikus selliseid probleeme ei esineks.<\/p>\n<p>Fenerbahce kaotas poolfinaalis hilisemale meistrile Olympiacosele.<\/p>\n","protected":false},"excerpt":{"rendered":"Fenerbahce teatas, et kaebas Euroliigale nelja klubi osalusega finaalturniiri korralduslike probleemide ja piletijamade t\u00f5ttu. Klubi s\u00f5nul esinesid suured&hellip;\n","protected":false},"author":2,"featured_media":188772,"comment_status":"","ping_status":"","sticky":false,"template":"","format":"standard","meta":{"footnotes":"","_share_on_mastodon":"0"},"categories":[18],"tags":[37,33,35,34,36,5263,81646,16869,159,158],"class_list":["post-188771","post","type-post","status-publish","format-standard","has-post-thumbnail","category-sport","tag-ee","tag-eesti","tag-eesti-keel","tag-estonia","tag-estonian","tag-euroliiga","tag-euroliiga-final-four","tag-fenerbahce","tag-sport","tag-sports"],"share_on_mastodon":{"url":"https:\/\/pubeurope.com\/@ee\/116647688139997248","error":""},"_links":{"self":[{"href":"https:\/\/www.europesays.com\/ee\/wp-json\/wp\/v2\/posts\/188771","targetHints":{"allow":["GET"]}}],"collection":[{"href":"https:\/\/www.europesays.com\/ee\/wp-json\/wp\/v2\/posts"}],"about":[{"href":"https:\/\/www.europesays.com\/ee\/wp-json\/wp\/v2\/types\/post"}],"author":[{"embeddable":true,"href":"https:\/\/www.europesays.com\/ee\/wp-json\/wp\/v2\/users\/2"}],"replies":[{"embeddable":true,"href":"https:\/\/www.europesays.com\/ee\/wp-json\/wp\/v2\/comments?post=188771"}],"version-history":[{"count":0,"href":"https:\/\/www.europesays.com\/ee\/wp-json\/wp\/v2\/posts\/188771\/revisions"}],"wp:featuredmedia":[{"embeddable":true,"href":"https:\/\/www.europesays.com\/ee\/wp-json\/wp\/v2\/media\/188772"}],"wp:attachment":[{"href":"https:\/\/www.europesays.com\/ee\/wp-json\/wp\/v2\/media?parent=188771"}],"wp:term":[{"taxonomy":"category","embeddable":true,"href":"https:\/\/www.europesays.com\/ee\/wp-json\/wp\/v2\/categories?post=188771"},{"taxonomy":"post_tag","embeddable":true,"href":"https:\/\/www.europesays.com\/ee\/wp-json\/wp\/v2\/tags?post=188771"}],"curies":[{"name":"wp","href":"https:\/\/api.w.org\/{rel}","templated":true}]}}