{"id":188842,"date":"2026-05-27T18:51:10","date_gmt":"2026-05-27T18:51:10","guid":{"rendered":"https:\/\/www.europesays.com\/ee\/188842\/"},"modified":"2026-05-27T18:51:10","modified_gmt":"2026-05-27T18:51:10","slug":"sotsiaaldemokraadid-kahtlustavad-keskerakonda-ja-isamaad-voimult-torjumise-katses-eesti","status":"publish","type":"post","link":"https:\/\/www.europesays.com\/ee\/188842\/","title":{"rendered":"Sotsiaaldemokraadid kahtlustavad Keskerakonda ja Isamaad v\u00f5imult t\u00f5rjumise katses | Eesti"},"content":{"rendered":"<p>Sotsiaaldemokraadid kahtlustavad, et Keskerakond ja Isamaa soovivad neid kampaania korras kohalike omavalitsuste v\u00f5imu juurest t\u00f5rjuda. Keskerakond ja Isamaa eitavad sellise plaani olemasolu.<\/p>\n<p>Sotsiaaldemokraatliku erakonna peasekret\u00e4r Piret Hartman \u00fctles, et sotsiaaldemokraadid on v\u00f5imuliidus igas neljandas omavalitsuses, kuid n\u00fc\u00fcd on hakatud neid t\u00f5rjuma.<\/p>\n<p>&#8220;T\u00f5esti liigub info, et Keskerakonna peakontorist on tulnud suunised, et sotsiaaldemokraadid erinevatest koalitsioonidest eemale j\u00e4tta. Loomulikult on see info meie jaoks murettekitav, sest me arvame, et selline poliitiline k\u00e4ttemaks ei peaks olema see, mis kohalikku elu juhib,&#8221; lausus Hartman.<\/p>\n<p>Poliitilise k\u00e4ttemaksu all peab ta silmas t\u00fcli, mis tekkis Keskerakonna ja sotside vahel p\u00e4rast SDE lahkumist 2024. aastal Tallinna v\u00f5imuliidust Keskerakonnaga. N\u00e4itena aga nimetab Hartman koalitsiooni lagunemist V\u00f5rus ja ka Harkus. Keskerakonna peasekret\u00e4r Anneli Ott eitab sotsiaaldemokraatide t\u00f5rjumise plaani.<\/p>\n<p>&#8220;Ma isegi ei kujuta ette, kuidas Tallinn saaks koordineerida. \u00dcldse Tallinn ei saa koordineerida loodavaid koalitsioone peale valimisi. Veel v\u00e4hem koordineerida nende koalitsioonide lagunemist,&#8221; s\u00f5nas Ott.<\/p>\n<p>Reformierakonna peasekret\u00e4r Kristo Enn Vaga oletab, et Keskerakonnal ja Isamaal on plaan tulla koos enne riigikogu valimisi v\u00f5imule v\u00f5imalikult paljudes omavalitsustes. <\/p>\n<p>&#8220;Tallinna koost\u00f6\u00f6st alates nad katavad \u00fcksteist \u00fcle Eesti ja ilmselgelt valmistavad sellist suuremat konservatiivsemat p\u00f6\u00f6ret Eesti Vabariigis ette,&#8221; lausus Vaga.<\/p>\n<p>&#8220;Sellised m\u00f5tted saavad elada ainult mingite inimeste peas. Loomulikult tuleb vaadata nii-\u00f6elda seal, kus on inimestel ja valijate kontekstis \u00fchised huvid, et sotsid v\u00f5iks vaadata liberaalsete poole, kes nii-\u00f6elda j\u00e4rgmisi valimisi silmas pidades &#8211; tekki kistakse ikka sealtpoolt, kus on \u00fchised valijad. Meil sotsidega liiga palju neid \u00fchiseid valijaid ei ole,&#8221; s\u00f5nas Isamaa aseesimees Priit Sibul.<\/p>\n<p>&#8220;Ma arvan, et nad on selles s\u00fc\u00fcdi, kui nad hakkavad teiste peale n\u00e4puga n\u00e4itama,&#8221; lausus Vaga.<\/p>\n<p>Hartmani s\u00f5nul on r\u00e4\u00e4gitud ka peatsest v\u00f5imuvahetusest Hiiumaal. <\/p>\n<p>&#8220;Me oleme liikumas riigikogu valimistesse, selle \u00e4\u00e4re peal juba, et kindlasti v\u00f5i t\u00f5en\u00e4oliselt on tagataustal tehtud veel kokkuleppeid, miks sellised muudatused on teoks saanud. Aga eks seda n\u00e4itavad l\u00e4hin\u00e4dalad ja l\u00e4hiaeg, millised need kokkulepped on,&#8221; \u00fctles Hartman.<\/p>\n","protected":false},"excerpt":{"rendered":"Sotsiaaldemokraadid kahtlustavad, et Keskerakond ja Isamaa soovivad neid kampaania korras kohalike omavalitsuste v\u00f5imu juurest t\u00f5rjuda. Keskerakond ja Isamaa&hellip;\n","protected":false},"author":2,"featured_media":188843,"comment_status":"","ping_status":"","sticky":false,"template":"","format":"standard","meta":{"footnotes":"","_share_on_mastodon":"0"},"categories":[5],"tags":[23190,26,27,37,33,35,34,36,31,32,21,731,819,14203,28,29,19,14780,25,17153,4786,23,24,22,20,30],"class_list":["post-188842","post","type-post","status-publish","format-standard","has-post-thumbnail","category-uldised-uudised","tag-anneli-ott","tag-breaking-news","tag-breakingnews","tag-ee","tag-eesti","tag-eesti-keel","tag-estonia","tag-estonian","tag-featured-news","tag-featurednews","tag-headlines","tag-isamaa","tag-keskerakond","tag-kristo-enn-vaga","tag-latest-news","tag-latestnews","tag-news","tag-piret-hartman","tag-populaarseimad-lood","tag-priit-sibul","tag-sotsiaaldemokraatlik-erakond","tag-top-stories","tag-topstories","tag-uldised-uudised","tag-uudised","tag-viimased-uudised"],"share_on_mastodon":{"url":"https:\/\/pubeurope.com\/@ee\/116648049460343054","error":""},"_links":{"self":[{"href":"https:\/\/www.europesays.com\/ee\/wp-json\/wp\/v2\/posts\/188842","targetHints":{"allow":["GET"]}}],"collection":[{"href":"https:\/\/www.europesays.com\/ee\/wp-json\/wp\/v2\/posts"}],"about":[{"href":"https:\/\/www.europesays.com\/ee\/wp-json\/wp\/v2\/types\/post"}],"author":[{"embeddable":true,"href":"https:\/\/www.europesays.com\/ee\/wp-json\/wp\/v2\/users\/2"}],"replies":[{"embeddable":true,"href":"https:\/\/www.europesays.com\/ee\/wp-json\/wp\/v2\/comments?post=188842"}],"version-history":[{"count":0,"href":"https:\/\/www.europesays.com\/ee\/wp-json\/wp\/v2\/posts\/188842\/revisions"}],"wp:featuredmedia":[{"embeddable":true,"href":"https:\/\/www.europesays.com\/ee\/wp-json\/wp\/v2\/media\/188843"}],"wp:attachment":[{"href":"https:\/\/www.europesays.com\/ee\/wp-json\/wp\/v2\/media?parent=188842"}],"wp:term":[{"taxonomy":"category","embeddable":true,"href":"https:\/\/www.europesays.com\/ee\/wp-json\/wp\/v2\/categories?post=188842"},{"taxonomy":"post_tag","embeddable":true,"href":"https:\/\/www.europesays.com\/ee\/wp-json\/wp\/v2\/tags?post=188842"}],"curies":[{"name":"wp","href":"https:\/\/api.w.org\/{rel}","templated":true}]}}