{"id":188881,"date":"2026-05-27T20:05:09","date_gmt":"2026-05-27T20:05:09","guid":{"rendered":"https:\/\/www.europesays.com\/ee\/188881\/"},"modified":"2026-05-27T20:05:09","modified_gmt":"2026-05-27T20:05:09","slug":"paul-aroni-kodumeeskond-hakkab-kandma-luksusmoebrandi-gucci-nime-ja-varve","status":"publish","type":"post","link":"https:\/\/www.europesays.com\/ee\/188881\/","title":{"rendered":"Paul Aroni kodumeeskond hakkab kandma luksusmoebr\u00e4ndi Gucci nime ja v\u00e4rve"},"content":{"rendered":"<p>Alpine`i F1-meeskond teatas kolmap\u00e4eval, et on s\u00f5lminud Gucciga suure koost\u00f6\u00f6lepingu, mille kohaselt on meeskonna nimi alates 2027. aasta algusest Gucci Racing Alpine Formula One Team.<\/p>\n<p>\u201eOlen v\u00e4ga uhke, et Alpine l\u00f5i k\u00e4ed sedav\u00f5rd prestii\u017ese kaubabr\u00e4ndiga kui Gucci,\u201c teatas Alpine`i tiimi n\u00f5ustaja Flavio Briatore. <\/p>\n<p>\u201eGucci ja Alpine\u2019i koost\u00f6\u00f6 on ajalooline: Guccist saab esimene luksusmoebr\u00e4nd, mis tegutseb F1 meeskonna nimipartnerina,\u201c \u00fctles Gucci tegevjuht Francesca Bellettini.<\/p>\n<p>T\u00e4navu on tiimi ametlik nimi on BWT Alpine Formula One Team. Meeskonna leping BWT-ga, mis on olnud nende nimisponsor alates 2022. aastast, saab l\u00e4bi selle hooajaga.<\/p>\n<p>Uuel ajastul v\u00f5istleb Alpine`i meeskond ka Gucci v\u00e4rvides. Praegu kihutavad tiimi masinad sinises ja roosas v\u00e4rvilahenduses.<\/p>\n<p>Nimisponsor maksab tavaliselt vormelimeeskonnale \u00fche hooaja eest lausa 50-100 miljonit dollarit.<\/p>\n<p>Kuidas see lugu Sind end tundma pani? Saada <a href=\"https:\/\/sport.delfi.ee\/artikkel\/120586804\/paul-aroni-kodumeeskond-hakkab-kandma-luksusmoebrandi-nime-ja-varve\/kommentaarid\" class=\"article-body-bottom__comment article-body-bottom__comment--write button button--primary button--size-auto\" rel=\"nofollow noopener\" target=\"_blank\"> Kommenteeri <\/a><a href=\"https:\/\/sport.delfi.ee\/artikkel\/120586804\/paul-aroni-kodumeeskond-hakkab-kandma-luksusmoebrandi-nime-ja-varve\/kommentaarid\" class=\"article-body-bottom__comment article-body-bottom__comment--read button button--size-auto\" rel=\"nofollow noopener\" target=\"_blank\"> Loe kommentaare (4)<\/a><\/p>\n","protected":false},"excerpt":{"rendered":"Alpine`i F1-meeskond teatas kolmap\u00e4eval, et on s\u00f5lminud Gucciga suure koost\u00f6\u00f6lepingu, mille kohaselt on meeskonna nimi alates 2027. aasta&hellip;\n","protected":false},"author":2,"featured_media":188882,"comment_status":"","ping_status":"","sticky":false,"template":"","format":"standard","meta":{"footnotes":"","_share_on_mastodon":"0"},"categories":[18],"tags":[37,33,35,34,36,1165,11820,1163,13478,159,158,4487],"class_list":["post-188881","post","type-post","status-publish","format-standard","has-post-thumbnail","category-sport","tag-ee","tag-eesti","tag-eesti-keel","tag-estonia","tag-estonian","tag-franco-colapinto","tag-gucci","tag-paul-aron","tag-pierre-gasly","tag-sport","tag-sports","tag-vormel-1"],"share_on_mastodon":{"url":"https:\/\/pubeurope.com\/@ee\/116648340634201420","error":""},"_links":{"self":[{"href":"https:\/\/www.europesays.com\/ee\/wp-json\/wp\/v2\/posts\/188881","targetHints":{"allow":["GET"]}}],"collection":[{"href":"https:\/\/www.europesays.com\/ee\/wp-json\/wp\/v2\/posts"}],"about":[{"href":"https:\/\/www.europesays.com\/ee\/wp-json\/wp\/v2\/types\/post"}],"author":[{"embeddable":true,"href":"https:\/\/www.europesays.com\/ee\/wp-json\/wp\/v2\/users\/2"}],"replies":[{"embeddable":true,"href":"https:\/\/www.europesays.com\/ee\/wp-json\/wp\/v2\/comments?post=188881"}],"version-history":[{"count":0,"href":"https:\/\/www.europesays.com\/ee\/wp-json\/wp\/v2\/posts\/188881\/revisions"}],"wp:featuredmedia":[{"embeddable":true,"href":"https:\/\/www.europesays.com\/ee\/wp-json\/wp\/v2\/media\/188882"}],"wp:attachment":[{"href":"https:\/\/www.europesays.com\/ee\/wp-json\/wp\/v2\/media?parent=188881"}],"wp:term":[{"taxonomy":"category","embeddable":true,"href":"https:\/\/www.europesays.com\/ee\/wp-json\/wp\/v2\/categories?post=188881"},{"taxonomy":"post_tag","embeddable":true,"href":"https:\/\/www.europesays.com\/ee\/wp-json\/wp\/v2\/tags?post=188881"}],"curies":[{"name":"wp","href":"https:\/\/api.w.org\/{rel}","templated":true}]}}