{"id":189157,"date":"2026-05-28T06:11:10","date_gmt":"2026-05-28T06:11:10","guid":{"rendered":"https:\/\/www.europesays.com\/ee\/189157\/"},"modified":"2026-05-28T06:11:10","modified_gmt":"2026-05-28T06:11:10","slug":"jaekaubanduse-muugi-kasv-aeglustus-okonomist-raha-on-rohkem-kuid-kohti-kuhu-kulutada-on-palju","status":"publish","type":"post","link":"https:\/\/www.europesays.com\/ee\/189157\/","title":{"rendered":"Jaekaubanduse m\u00fc\u00fcgi kasv aeglustus. \u00d6konomist: raha on rohkem, kuid kohti, kuhu kulutada on palju"},"content":{"rendered":"<p>Statistikaameti juhtivanal\u00fc\u00fctik Johanna Linda Pihlak \u00fctles, et kui m\u00e4rtsis suurenes jaekaubandusettev\u00f5tete m\u00fc\u00fcgimaht eelmise aasta sama ajaga v\u00f5rreldes 7%, siis aprillis kasv m\u00f5nev\u00f5rra aeglustus. \u201eAprillis m\u00f5jutasid jaekaubandusettev\u00f5tete m\u00fc\u00fcgimahu suurenemist mootorik\u00fctuse jaem\u00fc\u00fcgiga tegelevad ettev\u00f5tted ja t\u00f6\u00f6stuskaupade kauplused,\u201c lisas ta.<\/p>\n<p>Mootorik\u00fctuse jaem\u00fc\u00fcgiga tegelevate ettev\u00f5tete m\u00fc\u00fcgimaht aprillis taas suurenes, kuid kasv aeglustus m\u00e4rgatavalt. \u201eEelmise aasta sama ajaga v\u00f5rreldes suurenes nende ettev\u00f5tete m\u00fc\u00fcgimaht 3%,\u201c s\u00f5nas Pihlak ja t\u00e4psustas, et mootorik\u00fctuse jaem\u00fc\u00fcgiga tegelevate ettev\u00f5tete m\u00fc\u00fcgitulu ei h\u00f5lma ainult mootorik\u00fctuste m\u00fc\u00fcki, vaid kogum\u00fc\u00fcki, kuhu kuulub ka n\u00e4iteks toitlustusest ja muudelt kaupadelt ning teenustelt saadud tulu.<\/p>\n<p>T\u00f6\u00f6stuskaupade kauplustes suurenes m\u00fc\u00fcgimaht 2025. aasta aprilliga v\u00f5rreldes 1%, mis oli selle aasta v\u00e4ikseim kasv.<\/p>\n<p>Toidukaupade kaupluste m\u00fc\u00fcgimahu v\u00e4henemine j\u00e4tkus ka aprillis, peamiselt toidukaupade hinnat\u00f5usu t\u00f5ttu. M\u00fc\u00fcgimaht kahanes eelmise aasta sama kuuga v\u00f5rreldes 1%. \u201eToidukaupade kaupluste m\u00fc\u00fcgimaht suurenes viimati 2024. aasta m\u00e4rtsis ning on p\u00e4rast seda kahanenud juba \u00fcle kahe aasta,\u201c t\u00f5i Pihlak v\u00e4lja.<\/p>\n<p>M\u00e4rtsiga v\u00f5rreldes v\u00e4henes aprillis jaekaubandusettev\u00f5tete m\u00fc\u00fcgimaht 4%. Sesoonselt ja kalendaarselt korrigeeritud andmetel kahanes m\u00fc\u00fcgimaht eelmise kuuga v\u00f5rreldes 1%.<\/p>\n<p>Aasta nelja esimese kuuga suurenes jaekaubandusettev\u00f5tete m\u00fc\u00fcgimaht eelmise aasta sama ajaga v\u00f5rreldes 5%.<\/p>\n<p>Luminor Eesti pea\u00f6konomist Lenno Uusk\u00fcla t\u00f5i v\u00e4lja, et v\u00f5rreldes eelmise aastaga on kasvanud autode m\u00fc\u00fck, kus on n\u00e4ha 11,6 protsendist kasvu. \u201eVaadates jaem\u00fc\u00fcki koos autodega on aastav\u00f5rdluses n\u00e4ha 3,6 protsendist kasvu. Ehk lisandunud raha kasutatakse autode ostmiseks,\u201c m\u00e4rkis ta. Ka Luminori l\u00e4biviidid uuring n\u00e4itas tema s\u00f5nul seda, et veidi rohkem kui 5 protsenti inimestest plaanib kasutada tulumaksureformist lisanduvat raha kasutada autode ostmiseks.<\/p>\n<p>Aprillis toimus Eestis k\u00fctusem\u00fc\u00fcgi langus v\u00f5rreldes m\u00e4rtsiga 3,4 protsendi ulatuses ja aastav\u00f5rdluses on kasv langenud 3 protsendini. \u201eJ\u00e4tkuvalt on k\u00fctuse m\u00fc\u00fck Eestis k\u00f5rgel tasemel, kuid aprillis oli Hormuzi v\u00e4ina t\u00f5ttu k\u00fctuse hinnad k\u00f5rged ning L\u00e4ti langetas taas aasta alguses t\u00f5stetud k\u00fctuseaktsiisi.\u201c<\/p>\n<p>Aprillis kasvas m\u00fc\u00fck supermarketites 0,8 protsendi v\u00f5rra ja on j\u00e4tkuvalt k\u00f5rgem kui eelmise aasta l\u00f5pus. Samuti on kasvanud t\u00f6\u00f6stus- ja tarbekaupade m\u00fc\u00fck. \u201eSee k\u00f5ik l\u00e4heb kokku sellega, et raha on veidi rohkem, kuid kohti, kuhu raha kulutada on palju,\u201c leidis ta. V\u00e4ljavaade jaekaubanduses on Uusk\u00fcla hinnangul aastale j\u00e4tkuvalt positiivne v\u00f5rreldes eelmise aastaga. \u201eLisandunud raha ootavad aga nii jaekaubandus, autode m\u00fc\u00fck, teenuste sektor kui ka kinnisvara.\u201c<\/p>\n<p>Kuidas see lugu Sind end tundma pani? Saada <a href=\"https:\/\/arileht.delfi.ee\/a\/120586834\/jaekaubanduse-muugi-kasv-aeglustus-okonomist-raha-on-rohkem-kuid-kohti-kuhu-kulutada-on-palju\/kommentaarid\" class=\"article-body-bottom__comment article-body-bottom__comment--write button button--primary button--size-auto\" rel=\"nofollow noopener\" target=\"_blank\"> Kommenteeri <\/a><a href=\"https:\/\/arileht.delfi.ee\/a\/120586834\/jaekaubanduse-muugi-kasv-aeglustus-okonomist-raha-on-rohkem-kuid-kohti-kuhu-kulutada-on-palju\/kommentaarid\" class=\"article-body-bottom__comment article-body-bottom__comment--read button button--size-auto\" rel=\"nofollow noopener\" target=\"_blank\"> Loe kommentaare (1)<\/a><\/p>\n","protected":false},"excerpt":{"rendered":"Statistikaameti juhtivanal\u00fc\u00fctik Johanna Linda Pihlak \u00fctles, et kui m\u00e4rtsis suurenes jaekaubandusettev\u00f5tete m\u00fc\u00fcgimaht eelmise aasta sama ajaga v\u00f5rreldes 7%,&hellip;\n","protected":false},"author":2,"featured_media":189158,"comment_status":"","ping_status":"","sticky":false,"template":"","format":"standard","meta":{"footnotes":"","_share_on_mastodon":"0"},"categories":[14],"tags":[131,130,37,33,35,34,36,11006,33124],"class_list":["post-189157","post","type-post","status-publish","format-standard","has-post-thumbnail","category-ari","tag-ari","tag-business","tag-ee","tag-eesti","tag-eesti-keel","tag-estonia","tag-estonian","tag-jaekaubandus","tag-okonomist"],"share_on_mastodon":{"url":"https:\/\/pubeurope.com\/@ee\/116650723490000517","error":""},"_links":{"self":[{"href":"https:\/\/www.europesays.com\/ee\/wp-json\/wp\/v2\/posts\/189157","targetHints":{"allow":["GET"]}}],"collection":[{"href":"https:\/\/www.europesays.com\/ee\/wp-json\/wp\/v2\/posts"}],"about":[{"href":"https:\/\/www.europesays.com\/ee\/wp-json\/wp\/v2\/types\/post"}],"author":[{"embeddable":true,"href":"https:\/\/www.europesays.com\/ee\/wp-json\/wp\/v2\/users\/2"}],"replies":[{"embeddable":true,"href":"https:\/\/www.europesays.com\/ee\/wp-json\/wp\/v2\/comments?post=189157"}],"version-history":[{"count":0,"href":"https:\/\/www.europesays.com\/ee\/wp-json\/wp\/v2\/posts\/189157\/revisions"}],"wp:featuredmedia":[{"embeddable":true,"href":"https:\/\/www.europesays.com\/ee\/wp-json\/wp\/v2\/media\/189158"}],"wp:attachment":[{"href":"https:\/\/www.europesays.com\/ee\/wp-json\/wp\/v2\/media?parent=189157"}],"wp:term":[{"taxonomy":"category","embeddable":true,"href":"https:\/\/www.europesays.com\/ee\/wp-json\/wp\/v2\/categories?post=189157"},{"taxonomy":"post_tag","embeddable":true,"href":"https:\/\/www.europesays.com\/ee\/wp-json\/wp\/v2\/tags?post=189157"}],"curies":[{"name":"wp","href":"https:\/\/api.w.org\/{rel}","templated":true}]}}