{"id":189179,"date":"2026-05-28T06:42:13","date_gmt":"2026-05-28T06:42:13","guid":{"rendered":"https:\/\/www.europesays.com\/ee\/189179\/"},"modified":"2026-05-28T06:42:13","modified_gmt":"2026-05-28T06:42:13","slug":"parast-sunnitust-olin-mehe-soovil-tugevalt-kokku-ommeldud-intiimplastika-kogub-eestis-populaarsust-abi-otsitakse-nii-esteetilistel-pohjustel-kui-ka-naudingu-suurendamiseks","status":"publish","type":"post","link":"https:\/\/www.europesays.com\/ee\/189179\/","title":{"rendered":"\u201eP\u00e4rast s\u00fcnnitust olin mehe soovil tugevalt kokku \u00f5mmeldud.\u201c Intiimplastika kogub Eestis populaarsust \u2013 abi otsitakse nii esteetilistel p\u00f5hjustel kui ka naudingu suurendamiseks"},"content":{"rendered":"<p>Kui Eesti ilukliinikute lehtedel veidi ringi vaadata, selgub, et protseduuride valik on kirju \u2013 suurte v\u00f5i v\u00e4ikeste h\u00e4bememokkade plastikast kliitori \u00fcleliigse naha korrigeerimiseni, tupeplastikast G-punkti tundlikkuse suurendamiseni. Kohtab ka mujalt maailmast \u00fcles nopitud terminit mommy makeover, kus lubatakse taastada kogu rasedusele ja emadusele kaotatud enesekindlus, rindadest ja k\u00f5hust intiimpiirkonnani. <\/p>\n<p>N\u00e4ib, et intiimplastika teed minnakse nii esteetilistel kui ka meditsiinilistel kaalutlustel \u2013 probleem tekitab f\u00fc\u00fcsilist ebamugavust, mis on hakanud takistama igap\u00e4evaelu. Kuid nagu selgub, siis otsitakse abi ka lihtsalt naudingute v\u00f5imendamiseks.<\/p>\n<p>Niisama ei l\u00f5igata<\/p>\n<p>Oled juba tellija?Logi sisse<\/p>\n","protected":false},"excerpt":{"rendered":"Kui Eesti ilukliinikute lehtedel veidi ringi vaadata, selgub, et protseduuride valik on kirju \u2013 suurte v\u00f5i v\u00e4ikeste h\u00e4bememokkade&hellip;\n","protected":false},"author":2,"featured_media":189180,"comment_status":"","ping_status":"","sticky":false,"template":"","format":"standard","meta":{"footnotes":"","_share_on_mastodon":"0"},"categories":[16],"tags":[9634,37,33,35,173,34,36,9635,5030,140,5396,2928],"class_list":["post-189179","post","type-post","status-publish","format-standard","has-post-thumbnail","category-meelelahutus","tag-anne-stiil","tag-ee","tag-eesti","tag-eesti-keel","tag-entertainment","tag-estonia","tag-estonian","tag-ilutrendid","tag-karjaar","tag-meelelahutus","tag-mood","tag-suhted"],"share_on_mastodon":{"url":"https:\/\/pubeurope.com\/@ee\/116650845616102148","error":""},"_links":{"self":[{"href":"https:\/\/www.europesays.com\/ee\/wp-json\/wp\/v2\/posts\/189179","targetHints":{"allow":["GET"]}}],"collection":[{"href":"https:\/\/www.europesays.com\/ee\/wp-json\/wp\/v2\/posts"}],"about":[{"href":"https:\/\/www.europesays.com\/ee\/wp-json\/wp\/v2\/types\/post"}],"author":[{"embeddable":true,"href":"https:\/\/www.europesays.com\/ee\/wp-json\/wp\/v2\/users\/2"}],"replies":[{"embeddable":true,"href":"https:\/\/www.europesays.com\/ee\/wp-json\/wp\/v2\/comments?post=189179"}],"version-history":[{"count":0,"href":"https:\/\/www.europesays.com\/ee\/wp-json\/wp\/v2\/posts\/189179\/revisions"}],"wp:featuredmedia":[{"embeddable":true,"href":"https:\/\/www.europesays.com\/ee\/wp-json\/wp\/v2\/media\/189180"}],"wp:attachment":[{"href":"https:\/\/www.europesays.com\/ee\/wp-json\/wp\/v2\/media?parent=189179"}],"wp:term":[{"taxonomy":"category","embeddable":true,"href":"https:\/\/www.europesays.com\/ee\/wp-json\/wp\/v2\/categories?post=189179"},{"taxonomy":"post_tag","embeddable":true,"href":"https:\/\/www.europesays.com\/ee\/wp-json\/wp\/v2\/tags?post=189179"}],"curies":[{"name":"wp","href":"https:\/\/api.w.org\/{rel}","templated":true}]}}