{"id":189218,"date":"2026-05-28T07:40:13","date_gmt":"2026-05-28T07:40:13","guid":{"rendered":"https:\/\/www.europesays.com\/ee\/189218\/"},"modified":"2026-05-28T07:40:13","modified_gmt":"2026-05-28T07:40:13","slug":"cnn-trump-on-runnanud-voi-ahvardanud-1-13-maailma-riikidest","status":"publish","type":"post","link":"https:\/\/www.europesays.com\/ee\/189218\/","title":{"rendered":"CNN: Trump on r\u00fcnnanud v\u00f5i \u00e4hvardanud 1\/13 maailma riikidest"},"content":{"rendered":"<p>Eile kandis Trump sellesse nimekirja uue riigi, kui \u00e4hvardas r\u00fcnnata <a rel=\"noopener nofollow\" target=\"_blank\" href=\"https:\/\/www.delfi.ee\/teema\/56942588\/omaan\" tag-id=\"56942588\">Omaani<\/a>, kui viimane p\u00fc\u00fcab koos <a rel=\"noopener nofollow\" target=\"_blank\" href=\"https:\/\/www.delfi.ee\/teema\/24129493\/iraan\" tag-id=\"24129493\">Iraaniga<\/a> <a rel=\"noopener nofollow\" target=\"_blank\" href=\"https:\/\/www.delfi.ee\/teema\/96870700\/hormuzi-vain\" tag-id=\"96870700\">Hormuzi v\u00e4ina<\/a> kontrollida.<\/p>\n<p>\u201eOmaan k\u00e4itub nagu k\u00f5ik teised v\u00f5i me peame nad \u00f5hku laskma,\u201c lausus Trump Valge Maja kabinetiistungil.<\/p>\n<p>CNN-i hinnangul oli see eriti h\u00e4mmastav, sest see oli Trumpi poolt \u00f6eldud m\u00f6\u00f6daminnes ja pikalt m\u00f5tlemata.<\/p>\n<p>Omaan on v\u00e4hemalt 15. riik, mida Trump on oma kahel ametiajal kas \u00e4hvardanud r\u00fcnnata, j\u00e4tnud avatuks v\u00f5imaluse r\u00fcnnata v\u00f5i p\u00e4riselt r\u00fcnnanudki, m\u00e4rgib CNN. Peamiselt on \u00e4hvardamine ja r\u00fcndamine siiski aset leidnud Trumpi teise ametiaja esimese 16 kuuga.<\/p>\n<p>Sel ametiajal on Trump seni andnud l\u00f6\u00f6ke seitsmes riigis: Iraanis, Iraagis, <a rel=\"noopener nofollow\" target=\"_blank\" href=\"https:\/\/www.delfi.ee\/teema\/56533776\/nigeeria\" tag-id=\"56533776\">Nigeerias<\/a>, Somaalias, <a rel=\"noopener nofollow\" target=\"_blank\" href=\"https:\/\/www.delfi.ee\/teema\/35428127\/suuria\" tag-id=\"35428127\">S\u00fc\u00fcrias<\/a>, <a rel=\"noopener nofollow\" target=\"_blank\" href=\"https:\/\/www.delfi.ee\/teema\/31263103\/venezuela\" tag-id=\"31263103\">Venezuelas<\/a> ja <a rel=\"noopener nofollow\" target=\"_blank\" href=\"https:\/\/www.delfi.ee\/teema\/56816194\/jeemen\" tag-id=\"56816194\">Jeemenis<\/a>. M\u00f5nda neist riikidest r\u00fcndas ta ka esimesel ametiajal. CNN ei v\u00f5ta sealjuures arvesse v\u00e4idetavate narkoaluste r\u00fcndamist Kariibi merel ja Vaiksel ookeanil. R\u00fcnnatud on ligi 60 alust ja hukkunud on ligi 200 inimest.<\/p>\n<p>Sel ametiajal on Trump lisaks \u00e4hvardanud r\u00fcnnata v\u00f5i pidanud v\u00f5imalikuks r\u00fcnnata veel seitset riiki: <a rel=\"noopener nofollow\" target=\"_blank\" href=\"https:\/\/www.delfi.ee\/teema\/24542787\/kanada\" tag-id=\"24542787\">Kanadat<\/a>, Colombiat, <a rel=\"noopener nofollow\" target=\"_blank\" href=\"https:\/\/www.delfi.ee\/teema\/56815020\/kuuba\" tag-id=\"56815020\">Kuubat<\/a>, <a rel=\"noopener nofollow\" target=\"_blank\" href=\"https:\/\/www.delfi.ee\/teema\/49192517\/groonimaa\" tag-id=\"49192517\">Gr\u00f6\u00f6nimaad<\/a> (mis on <a rel=\"noopener nofollow\" target=\"_blank\" href=\"https:\/\/www.delfi.ee\/teema\/23101691\/taani\" tag-id=\"23101691\">Taani<\/a> osa), <a rel=\"noopener nofollow\" target=\"_blank\" href=\"https:\/\/www.delfi.ee\/teema\/23103677\/mehhiko\" tag-id=\"23103677\">Mehhikot<\/a>, <a rel=\"noopener nofollow\" target=\"_blank\" href=\"https:\/\/www.delfi.ee\/teema\/56815788\/panama\" tag-id=\"56815788\">Panamat<\/a> ja n\u00fc\u00fcd Omaani. Esimesel ametiajal \u00e4hvardas Trump Mehhikot ja P\u00f5hja-Koread.<\/p>\n<p>K\u00f5ik \u00e4hvardused ja r\u00fcnnakud ei ole \u00fchesugused. N\u00e4iteks Iraagis olid kitsalt sihikul terroristid, mitte v\u00f5imul olev valitsus. M\u00f5ned \u00e4hvardused on olnud v\u00e4hem otsesed \u2013 Trump ei ole lihtsalt r\u00fcndamise v\u00f5imalust v\u00e4listanud.<\/p>\n<p>CNN-i s\u00f5nul v\u00f5ib osa sellest seletada \u201ehullumeelse teooria\u201c omaks v\u00f5tmisega v\u00e4lispoliitikas. See t\u00e4hendab, et Trumpile meeldib n\u00e4idata end ettearvamatuna, uskudes, et see paneb v\u00e4lisvastaseid kergemini tema n\u00f5udmistele alluma.<\/p>\n<p>CNN toob v\u00e4lja j\u00e4rgmised andmed:<\/p>\n<ul>\n<li>\n<p>Trump on seni \u00e4hvardanud v\u00f5i r\u00fcnnanud 1\/13 maailma riikidest ehk 15 ligi 200-st;<\/p>\n<\/li>\n<li>\n<p>Nendes riikides elab 1\/11 kogu maailma inimestest;<\/p>\n<\/li>\n<li>\n<p><a rel=\"noopener nofollow\" target=\"_blank\" href=\"https:\/\/www.delfi.ee\/teema\/30604059\/lahis-ida\" tag-id=\"30604059\">L\u00e4his-Idas<\/a> on Trump \u00e4hvardanud v\u00f5i r\u00fcnnanud viit riiki v\u00e4hem kui 20-st;<\/p>\n<\/li>\n<li>\n<p>Trump on \u00e4hvardanud ja r\u00fcnnanud riike neljal kontinendil kuuest asustatust: <a rel=\"noopener nofollow\" target=\"_blank\" href=\"https:\/\/www.delfi.ee\/teema\/24276757\/aafrika\" tag-id=\"24276757\">Aafrikas<\/a>, <a rel=\"noopener nofollow\" target=\"_blank\" href=\"https:\/\/www.delfi.ee\/teema\/23103699\/aasia\" tag-id=\"23103699\">Aasias<\/a>, <a rel=\"noopener nofollow\" target=\"_blank\" href=\"https:\/\/www.delfi.ee\/teema\/28281305\/pohja-ameerika\" tag-id=\"28281305\">P\u00f5hja-Ameerikas<\/a> ja <a rel=\"noopener nofollow\" target=\"_blank\" href=\"https:\/\/www.delfi.ee\/teema\/25328279\/louna-ameerika\" tag-id=\"25328279\">L\u00f5una-Ameerikas<\/a>. Gr\u00f6\u00f6nimaa kaudu on ta sisuliselt \u00e4hvardanud ka <a rel=\"noopener nofollow\" target=\"_blank\" href=\"https:\/\/www.delfi.ee\/teema\/25138591\/euroopa\" tag-id=\"25138591\">Euroopas<\/a> asuvat Taanit;<\/p>\n<\/li>\n<li>\n<p>15 riigist, mida Trump on \u00e4hvardanud v\u00f5i r\u00fcnnanud, on ta viis tahtnud USA koosseisu v\u00f5tta: Kanada, Kuuba, Gr\u00f6\u00f6nimaa, Panama (konkreetselt Panama kanali) ja Venezuela.<\/p>\n<\/li>\n<\/ul>\n<p>Kuidas see lugu Sind end tundma pani? Saada <a href=\"https:\/\/www.delfi.ee\/artikkel\/120586856\/cnn-trump-on-runnanud-voi-ahvardanud-113-maailma-riikidest\/kommentaarid\" class=\"article-body-bottom__comment article-body-bottom__comment--write button button--primary button--size-auto\" rel=\"nofollow noopener\" target=\"_blank\"> Kommenteeri <\/a><a href=\"https:\/\/www.delfi.ee\/artikkel\/120586856\/cnn-trump-on-runnanud-voi-ahvardanud-113-maailma-riikidest\/kommentaarid\" class=\"article-body-bottom__comment article-body-bottom__comment--read button button--size-auto\" rel=\"nofollow noopener\" target=\"_blank\"> Loe kommentaare (20)<\/a><\/p>\n","protected":false},"excerpt":{"rendered":"Eile kandis Trump sellesse nimekirja uue riigi, kui \u00e4hvardas r\u00fcnnata Omaani, kui viimane p\u00fc\u00fcab koos Iraaniga Hormuzi v\u00e4ina&hellip;\n","protected":false},"author":2,"featured_media":189219,"comment_status":"","ping_status":"","sticky":false,"template":"","format":"standard","meta":{"footnotes":"","_share_on_mastodon":"0"},"categories":[80],"tags":[1114,1086,26,27,12907,324,37,33,35,34,36,112,31,32,2409,21,46527,4882,1925,4032,1554,12908,3345,4376,28,29,482,95,6718,19,10382,17218,11281,19289,8423,25,1604,264,23,24,22,325,20,19396,1177,3344,30,92,93,94],"class_list":["post-189218","post","type-post","status-publish","format-standard","has-post-thumbnail","category-maailm","tag-aafrika","tag-aasia","tag-breaking-news","tag-breakingnews","tag-colombia-kolumbia","tag-donald-trump","tag-ee","tag-eesti","tag-eesti-keel","tag-estonia","tag-estonian","tag-euroopa","tag-featured-news","tag-featurednews","tag-groonimaa","tag-headlines","tag-hormuzi-vain","tag-iraak","tag-iraan","tag-jeemen","tag-kanada","tag-kariibi-meri","tag-kuuba","tag-lahis-ida","tag-latest-news","tag-latestnews","tag-louna-ameerika","tag-maailm","tag-mehhiko","tag-news","tag-nigeeria","tag-omaan","tag-panama","tag-pohja-ameerika","tag-pohja-korea-korea-rdv","tag-populaarseimad-lood","tag-suuria","tag-taani","tag-top-stories","tag-topstories","tag-uldised-uudised","tag-usa","tag-uudised","tag-vaikne-ookean","tag-valge-maja-usa","tag-venezuela","tag-viimased-uudised","tag-world","tag-world-news","tag-worldnews"],"share_on_mastodon":{"url":"","error":"Validation failed: Text character limit of 500 exceeded"},"_links":{"self":[{"href":"https:\/\/www.europesays.com\/ee\/wp-json\/wp\/v2\/posts\/189218","targetHints":{"allow":["GET"]}}],"collection":[{"href":"https:\/\/www.europesays.com\/ee\/wp-json\/wp\/v2\/posts"}],"about":[{"href":"https:\/\/www.europesays.com\/ee\/wp-json\/wp\/v2\/types\/post"}],"author":[{"embeddable":true,"href":"https:\/\/www.europesays.com\/ee\/wp-json\/wp\/v2\/users\/2"}],"replies":[{"embeddable":true,"href":"https:\/\/www.europesays.com\/ee\/wp-json\/wp\/v2\/comments?post=189218"}],"version-history":[{"count":0,"href":"https:\/\/www.europesays.com\/ee\/wp-json\/wp\/v2\/posts\/189218\/revisions"}],"wp:featuredmedia":[{"embeddable":true,"href":"https:\/\/www.europesays.com\/ee\/wp-json\/wp\/v2\/media\/189219"}],"wp:attachment":[{"href":"https:\/\/www.europesays.com\/ee\/wp-json\/wp\/v2\/media?parent=189218"}],"wp:term":[{"taxonomy":"category","embeddable":true,"href":"https:\/\/www.europesays.com\/ee\/wp-json\/wp\/v2\/categories?post=189218"},{"taxonomy":"post_tag","embeddable":true,"href":"https:\/\/www.europesays.com\/ee\/wp-json\/wp\/v2\/tags?post=189218"}],"curies":[{"name":"wp","href":"https:\/\/api.w.org\/{rel}","templated":true}]}}