{"id":189282,"date":"2026-05-28T08:47:09","date_gmt":"2026-05-28T08:47:09","guid":{"rendered":"https:\/\/www.europesays.com\/ee\/189282\/"},"modified":"2026-05-28T08:47:09","modified_gmt":"2026-05-28T08:47:09","slug":"maailma-pikim-riiklik-internetiblokaad-sai-labi-iraani-vorguuhendus-taastub-tasapisi-delfi","status":"publish","type":"post","link":"https:\/\/www.europesays.com\/ee\/189282\/","title":{"rendered":"Maailma pikim riiklik internetiblokaad sai l\u00e4bi: Iraani v\u00f5rgu\u00fchendus taastub tasapisi &#8211; Delfi"},"content":{"rendered":"<ol>\n<li><a href=\"https:\/\/news.google.com\/rss\/articles\/CBMiwgFBVV95cUxObTFtTVpyMEJoZjBNYm9xQktQQ3FkdU1Za0lOQkJlc3hYY05OTXN4VnZfUGxOekpuOU5aOHpiUVBhamRDZnFUcTJSeUpUNGx0aXVBbmlaRTZ1WElnSUludC1zdndYQmE3VkVRcGZWU3BrRHZ4TTdxY1VQUFZ0dDY1U1d5SDBnbmx2MHhmLUdCUDJ3LTczb3BEQW1tcjFFbFljRFpHMzN5NVZta3ZZY1l5TktmcG9XNURjblZoajdiLUF4dw?oc=5\" target=\"_blank\" rel=\"nofollow noopener\">Maailma pikim riiklik internetiblokaad sai l\u00e4bi: Iraani v\u00f5rgu\u00fchendus taastub tasapisi<\/a>&nbsp;&nbsp;Delfi<\/li>\n<li><a href=\"https:\/\/news.google.com\/rss\/articles\/CBMinAFBVV95cUxQODZyX3pHbjhONTlpYWhqZUpuZGFiMzgxU3JHbmRtc1U0QWJSRk9hZkxvV0txYkprVmIwOE5WTEdZem42N2dnRGQ3T3c4VFYySjd5SEZJSUtxZXhFczRZY3p3Nk9IcVN2eENRTDJnb0VacnM4WWsxZHZhLTdNdGVZQU45UW5MSHhzOFhZTGJ4ZTFtVlNpNGVpTnoyX2Q?oc=5\" target=\"_blank\" rel=\"nofollow noopener\">Pikaajaline internetikatkestus k\u00e4gistab raskustes Iraani majandust<\/a>&nbsp;&nbsp;ERR<\/li>\n<li><a href=\"https:\/\/news.google.com\/rss\/articles\/CBMiP0FVX3lxTFB2LVA4SlpLUG4tZm8wZ1ZwVG9QV3Y5Tm1WOW9rM0FYc2ZiU1JCcFY2SW9sU1pfdG9tSnVIU0x0aw?oc=5\" target=\"_blank\" rel=\"nofollow noopener\">Eesti dopingutestijad ootavad siiani t\u00f6\u00f6tasu ol\u00fcmpia eest<\/a>&nbsp;&nbsp;Uudis.net<\/li>\n<li><a href=\"https:\/\/news.google.com\/rss\/articles\/CBMiP0FVX3lxTFBib0JBWm0tSVpQR3FpY1d2WmpCT19rY3hWQ28wTy1RSkNST3ZfeGZpd08zVHdzRWxiN3NoZ3J0SQ?oc=5\" target=\"_blank\" rel=\"nofollow noopener\">Iraani president k\u00e4skis taastada rahvusvahelise interneti\u00fchenduse<\/a>&nbsp;&nbsp;Uudis.net<\/li>\n<li><a href=\"https:\/\/news.google.com\/rss\/articles\/CBMiP0FVX3lxTE1Lc0JkUlR6TDJINTMtQ1JyUXo0Z2ZlUjh2alpkYmJlVExJLV9vNDBiLUZwbHNNSlpaUkRDVFViRQ?oc=5\" target=\"_blank\" rel=\"nofollow noopener\">Iraani re\u017eiim peatas interneti taastanud asutuse tegevuse<\/a>&nbsp;&nbsp;Uudis.net<\/li>\n<\/ol>\n","protected":false},"excerpt":{"rendered":"Maailma pikim riiklik internetiblokaad sai l\u00e4bi: Iraani v\u00f5rgu\u00fchendus taastub tasapisi&nbsp;&nbsp;Delfi Pikaajaline internetikatkestus k\u00e4gistab raskustes Iraani majandust&nbsp;&nbsp;ERR Eesti dopingutestijad&hellip;\n","protected":false},"author":2,"featured_media":189283,"comment_status":"","ping_status":"","sticky":false,"template":"","format":"standard","meta":{"footnotes":"","_share_on_mastodon":"0"},"categories":[80],"tags":[26,27,37,33,35,34,36,31,32,21,5281,1925,28,29,95,19,25,5272,23,24,22,20,30,27255,92,93,94],"class_list":["post-189282","post","type-post","status-publish","format-standard","has-post-thumbnail","category-maailm","tag-breaking-news","tag-breakingnews","tag-ee","tag-eesti","tag-eesti-keel","tag-estonia","tag-estonian","tag-featured-news","tag-featurednews","tag-headlines","tag-internetiuhendus","tag-iraan","tag-latest-news","tag-latestnews","tag-maailm","tag-news","tag-populaarseimad-lood","tag-teheran","tag-top-stories","tag-topstories","tag-uldised-uudised","tag-uudised","tag-viimased-uudised","tag-whatsapp","tag-world","tag-world-news","tag-worldnews"],"share_on_mastodon":{"url":"https:\/\/pubeurope.com\/@ee\/116651337077227732","error":""},"_links":{"self":[{"href":"https:\/\/www.europesays.com\/ee\/wp-json\/wp\/v2\/posts\/189282","targetHints":{"allow":["GET"]}}],"collection":[{"href":"https:\/\/www.europesays.com\/ee\/wp-json\/wp\/v2\/posts"}],"about":[{"href":"https:\/\/www.europesays.com\/ee\/wp-json\/wp\/v2\/types\/post"}],"author":[{"embeddable":true,"href":"https:\/\/www.europesays.com\/ee\/wp-json\/wp\/v2\/users\/2"}],"replies":[{"embeddable":true,"href":"https:\/\/www.europesays.com\/ee\/wp-json\/wp\/v2\/comments?post=189282"}],"version-history":[{"count":0,"href":"https:\/\/www.europesays.com\/ee\/wp-json\/wp\/v2\/posts\/189282\/revisions"}],"wp:featuredmedia":[{"embeddable":true,"href":"https:\/\/www.europesays.com\/ee\/wp-json\/wp\/v2\/media\/189283"}],"wp:attachment":[{"href":"https:\/\/www.europesays.com\/ee\/wp-json\/wp\/v2\/media?parent=189282"}],"wp:term":[{"taxonomy":"category","embeddable":true,"href":"https:\/\/www.europesays.com\/ee\/wp-json\/wp\/v2\/categories?post=189282"},{"taxonomy":"post_tag","embeddable":true,"href":"https:\/\/www.europesays.com\/ee\/wp-json\/wp\/v2\/tags?post=189282"}],"curies":[{"name":"wp","href":"https:\/\/api.w.org\/{rel}","templated":true}]}}