{"id":189453,"date":"2026-05-28T12:02:11","date_gmt":"2026-05-28T12:02:11","guid":{"rendered":"https:\/\/www.europesays.com\/ee\/189453\/"},"modified":"2026-05-28T12:02:11","modified_gmt":"2026-05-28T12:02:11","slug":"eeva-magi-ootab-uue-lavastatud-doki-jaoks-lugusid-loomevaldkonna-nahtamatust-vagivallast-film","status":"publish","type":"post","link":"https:\/\/www.europesays.com\/ee\/189453\/","title":{"rendered":"Eeva M\u00e4gi ootab uue lavastatud doki jaoks lugusid loomevaldkonna n\u00e4htamatust v\u00e4givallast | Film"},"content":{"rendered":"<p>Re\u017eiss\u00f6\u00f6r Eeva M\u00e4gi t\u00f6\u00f6tab hetkel uue projektiga &#8220;Mo Hunt&#8221;, lavastatud dokfilmis paljsatavad loojate pihtumused, kui haprad on piirid hoolimise, kontrolli ja v\u00e4givalla vahel. Filmi jaoks ootab M\u00e4gi aga lugusid loomevaldkonna n\u00e4htamatust v\u00e4givallast.<\/p>\n<p>Dokumentaalfilm uurib, kuidas loominguline protsess v\u00f5ib muutuda ruumiks, kus armastus, autoriteet, p\u00fchendumus ja v\u00e4givald p\u00f5imuvad viisil, mida on sageli raske m\u00e4rgata v\u00f5i s\u00f5nastada.<\/p>\n<p>Tegijad ootavad pihtimusi n\u00e4itlejatelt, tantsijatelt, muusikutelt, kirjanikelt, lavastajatelt, kunstnikelt ja teistelt loomeinimestelt. Vastavalt inimese soovile tagavad nad ka lugude konfidentsiaalsuse ja anon\u00fc\u00fcmsuse ning pakuvad ruumi ausatele ja keerulistele kogemustele, mida sageli endas kantakse ning millest on raske r\u00e4\u00e4kida.<\/p>\n<p>Jagatud lood v\u00f5ivad anon\u00fc\u00fcmsel kujul saada osaks filmi dokumentaalsest kihist ning aidata kaasa keeruliste teemade avamisele filmis. Tegijad ootavad lugusid aadressil <a href=\"https:\/\/kultuur.err.ee\/1610040247\/mailto:mohunt@gmail.com\" target=\"_blank\" rel=\"noopener nofollow\">mohuntfilm@gmail.com<\/a>.<\/p>\n<p>Filmi keskmes on k\u00fcsimus vastutusest: millal muutub looming manipulatsiooniks v\u00f5i uueks v\u00e4givalla vormiks? Kas me v\u00f5ime eristada kunsti selle loojast? Ja kas suur kunst v\u00f5ib muuta inimese s\u00fc\u00fc n\u00e4htamatuks v\u00f5i andestatavaks?<\/p>\n<p>Filmi re\u017eiss\u00f6\u00f6r on Eeva M\u00e4gi, produtsendid Sten-Johan Lill ja Eeva M\u00e4gi ja tootjafirma Kinosaurus Film. &#8220;Mo Hunt&#8221; osales t\u00e4navu ka programmis P\u00d6FF Goes to Cannes.<\/p>\n","protected":false},"excerpt":{"rendered":"Re\u017eiss\u00f6\u00f6r Eeva M\u00e4gi t\u00f6\u00f6tab hetkel uue projektiga &#8220;Mo Hunt&#8221;, lavastatud dokfilmis paljsatavad loojate pihtumused, kui haprad on piirid&hellip;\n","protected":false},"author":2,"featured_media":189454,"comment_status":"","ping_status":"","sticky":false,"template":"","format":"standard","meta":{"footnotes":"","_share_on_mastodon":"0"},"categories":[16],"tags":[37,33,35,13513,173,34,36,140,69743],"class_list":["post-189453","post","type-post","status-publish","format-standard","has-post-thumbnail","category-meelelahutus","tag-ee","tag-eesti","tag-eesti-keel","tag-eeva-magi","tag-entertainment","tag-estonia","tag-estonian","tag-meelelahutus","tag-mo-hunt"],"share_on_mastodon":{"url":"https:\/\/pubeurope.com\/@ee\/116652103694787786","error":""},"_links":{"self":[{"href":"https:\/\/www.europesays.com\/ee\/wp-json\/wp\/v2\/posts\/189453","targetHints":{"allow":["GET"]}}],"collection":[{"href":"https:\/\/www.europesays.com\/ee\/wp-json\/wp\/v2\/posts"}],"about":[{"href":"https:\/\/www.europesays.com\/ee\/wp-json\/wp\/v2\/types\/post"}],"author":[{"embeddable":true,"href":"https:\/\/www.europesays.com\/ee\/wp-json\/wp\/v2\/users\/2"}],"replies":[{"embeddable":true,"href":"https:\/\/www.europesays.com\/ee\/wp-json\/wp\/v2\/comments?post=189453"}],"version-history":[{"count":0,"href":"https:\/\/www.europesays.com\/ee\/wp-json\/wp\/v2\/posts\/189453\/revisions"}],"wp:featuredmedia":[{"embeddable":true,"href":"https:\/\/www.europesays.com\/ee\/wp-json\/wp\/v2\/media\/189454"}],"wp:attachment":[{"href":"https:\/\/www.europesays.com\/ee\/wp-json\/wp\/v2\/media?parent=189453"}],"wp:term":[{"taxonomy":"category","embeddable":true,"href":"https:\/\/www.europesays.com\/ee\/wp-json\/wp\/v2\/categories?post=189453"},{"taxonomy":"post_tag","embeddable":true,"href":"https:\/\/www.europesays.com\/ee\/wp-json\/wp\/v2\/tags?post=189453"}],"curies":[{"name":"wp","href":"https:\/\/api.w.org\/{rel}","templated":true}]}}