{"id":189607,"date":"2026-05-28T14:38:10","date_gmt":"2026-05-28T14:38:10","guid":{"rendered":"https:\/\/www.europesays.com\/ee\/189607\/"},"modified":"2026-05-28T14:38:10","modified_gmt":"2026-05-28T14:38:10","slug":"leedu-lubas-isesoitvad-teslad-tanavatele-eesti-transpordiamet-loi-ponnama","status":"publish","type":"post","link":"https:\/\/www.europesays.com\/ee\/189607\/","title":{"rendered":"Leedu lubas ises\u00f5itvad Teslad t\u00e4navatele. Eesti transpordiamet l\u00f5i p\u00f5nnama"},"content":{"rendered":"<p>Tesla juht <a rel=\"noopener nofollow\" target=\"_blank\" href=\"https:\/\/www.delfi.ee\/teema\/65734082\/elon-musk\" tag-id=\"65734082\">Elon Musk<\/a> on r\u00e4\u00e4kinud juba pikka aega sellest, kuidas ises\u00f5itvad autod kohe-kohe t\u00e4navatele tulevad ja maailma \u00e4ra vallutavad. See visioon tugineb suuresti Tesla juhiabis\u00fcsteemile <a rel=\"noopener nofollow\" target=\"_blank\" href=\"https:\/\/www.delfi.ee\/teema\/96943581\/fsd\" tag-id=\"96943581\">FSD<\/a>, mis seni on olnud eurooplastele k\u00e4ttesaamatu.<\/p>\n<p>10. aprillil sai aga FSD (Full Self-Driving) Supervised esimese heakskiidu ka Euroopa Liidust, kui Hollandi s\u00f5idukiamet RDW andis tehnoloogiale t\u00fc\u00fcbikinnituse. Amet j\u00f5udis otsuseni enam kui pooleteise aasta pikkuse katsetamise j\u00e4rel, mille k\u00e4igus l\u00e4biti Euroopa teedel \u00fcle 1,6 miljoni kilomeetri. Kuigi s\u00fcsteem ei ole t\u00e4ielikult autonoomne, suudab auto l\u00e4bida kohati ka sadu kilomeetreid nii, et juht ei sekku isegi linnaliikluses. Olgu r\u00f5hutatud, et vastutus j\u00e4\u00e4b sellegipoolest roolis istujale.<\/p>\n<p>Oled juba tellija?Logi sisse<\/p>\n<p><a href=\"https:\/\/arileht.delfi.ee\/a\/120587027\/leedu-lubas-isesoitvad-teslad-tanavatele-eesti-transpordiamet-loi-ponnama\/kommentaarid\" class=\"article-body-bottom__comment article-body-bottom__comment--write button button--primary button--size-auto\" rel=\"nofollow noopener\" target=\"_blank\"> Kommenteeri <\/a><a href=\"https:\/\/arileht.delfi.ee\/a\/120587027\/leedu-lubas-isesoitvad-teslad-tanavatele-eesti-transpordiamet-loi-ponnama\/kommentaarid\" class=\"article-body-bottom__comment article-body-bottom__comment--read button button--size-auto\" rel=\"nofollow noopener\" target=\"_blank\"> Loe kommentaare (7)<\/a><\/p>\n","protected":false},"excerpt":{"rendered":"Tesla juht Elon Musk on r\u00e4\u00e4kinud juba pikka aega sellest, kuidas ises\u00f5itvad autod kohe-kohe t\u00e4navatele tulevad ja maailma&hellip;\n","protected":false},"author":2,"featured_media":189608,"comment_status":"","ping_status":"","sticky":false,"template":"","format":"standard","meta":{"footnotes":"","_share_on_mastodon":"0"},"categories":[14],"tags":[131,130,37,33,35,846,34,36,81786,20433,2226,2086],"class_list":["post-189607","post","type-post","status-publish","format-standard","has-post-thumbnail","category-ari","tag-ari","tag-business","tag-ee","tag-eesti","tag-eesti-keel","tag-elon-musk","tag-estonia","tag-estonian","tag-fsd","tag-isejuhtivad-autod","tag-tesla","tag-transpordiamet"],"share_on_mastodon":{"url":"https:\/\/pubeurope.com\/@ee\/116652717345670537","error":""},"_links":{"self":[{"href":"https:\/\/www.europesays.com\/ee\/wp-json\/wp\/v2\/posts\/189607","targetHints":{"allow":["GET"]}}],"collection":[{"href":"https:\/\/www.europesays.com\/ee\/wp-json\/wp\/v2\/posts"}],"about":[{"href":"https:\/\/www.europesays.com\/ee\/wp-json\/wp\/v2\/types\/post"}],"author":[{"embeddable":true,"href":"https:\/\/www.europesays.com\/ee\/wp-json\/wp\/v2\/users\/2"}],"replies":[{"embeddable":true,"href":"https:\/\/www.europesays.com\/ee\/wp-json\/wp\/v2\/comments?post=189607"}],"version-history":[{"count":0,"href":"https:\/\/www.europesays.com\/ee\/wp-json\/wp\/v2\/posts\/189607\/revisions"}],"wp:featuredmedia":[{"embeddable":true,"href":"https:\/\/www.europesays.com\/ee\/wp-json\/wp\/v2\/media\/189608"}],"wp:attachment":[{"href":"https:\/\/www.europesays.com\/ee\/wp-json\/wp\/v2\/media?parent=189607"}],"wp:term":[{"taxonomy":"category","embeddable":true,"href":"https:\/\/www.europesays.com\/ee\/wp-json\/wp\/v2\/categories?post=189607"},{"taxonomy":"post_tag","embeddable":true,"href":"https:\/\/www.europesays.com\/ee\/wp-json\/wp\/v2\/tags?post=189607"}],"curies":[{"name":"wp","href":"https:\/\/api.w.org\/{rel}","templated":true}]}}