{"id":189652,"date":"2026-05-28T15:42:10","date_gmt":"2026-05-28T15:42:10","guid":{"rendered":"https:\/\/www.europesays.com\/ee\/189652\/"},"modified":"2026-05-28T15:42:10","modified_gmt":"2026-05-28T15:42:10","slug":"andrus-kivirahk-ooper-on-elust-suurem-zanr-teater","status":"publish","type":"post","link":"https:\/\/www.europesays.com\/ee\/189652\/","title":{"rendered":"Andrus Kivir\u00e4hk: ooper on elust suurem \u017eanr | Teater"},"content":{"rendered":"<p>Rahvusooper Estonias esietendub reedel veriv\u00e4rske kodumaine ooper &#8220;Charon&#8221;. Surematu allilma paadimehe kujust inspireeritud ooperi libreto autor on Andrus Kivir\u00e4hk, helilooja T\u00f5nis Kaumann ja lavastaja \u00dcllar Saarem\u00e4e.<\/p>\n<p>Vanakreeka m\u00fctoloogias on surnud hingi \u00fcle allilma j\u00f5e vedav paadimees Charon pigem k\u00f5rvaltegelane. Andrus Kivir\u00e4hk on oma m\u00fc\u00fcdis t\u00f5stnud ta aga peaossa. Allilma peremehele \u00fcdini truu paadimees armub saatuse tahtel imekaunisse Niobesse ning on seej\u00e4rel valmis armastuse nimel murdma reegleid ja seadusi.<\/p>\n<p>&#8220;Tundus huvitav ise m\u00fc\u00fct v\u00e4lja m\u00f5elda. Allilm tundus visuaalselt kihvti paigana, et seal nagu annaks midagi teha. Ooper peab olema ennek\u00f5ike v\u00f5imas vaatem\u00e4ng, see on tema m\u00f5te, et ta on elust suurem \u017eanr,&#8221; avas Andrus Kivir\u00e4hk.<\/p>\n<p>Antiiktrag\u00f6\u00f6diale omaselt l\u00fclitas Kivir\u00e4hk dramaatilisse loosse rea v\u00e4gevaid tegelasi, eesotsas allilma valitseja Hadese, unejumal Hypnose ja p\u00f5rgukoera Kerberosega. Kivir\u00e4hki m\u00fc\u00fcdi p\u00f5hjal komponeeris ooperi T\u00f5nis Kaumann, v\u00e4rvika ja kujunditerohke kunstnikut\u00f6\u00f6 tegid Jaanus Laagrik\u00fcll ja kost\u00fc\u00fcmikunstnik Ketlin Saarem\u00e4e.<\/p>\n<p>&#8220;Kui helilooja saab teose k\u00e4tte, siis see periood kui [saab] teosega tutvuda, see oma peas l\u00e4bi lasta, v\u00f5tab p\u00e4ris palju aega, et kuskilt hakkab koitma, mida ma \u00fcldse tegema hakkan. See on p\u00e4ris pikk, nii et ma \u00fctlen alati, et kirjaniku t\u00f6\u00f6laual on see lugu t\u00f5en\u00e4oliselt k\u00fcmneid kordi l\u00fchemat aega kui minul,&#8221; r\u00e4\u00e4kis Kaumann.<\/p>\n<p>Lavastaja \u00dcllar Saarem\u00e4e pikka veenmist ei vajanud. &#8220;Need kaks meest veensid mu praktiliselt \u00fche hetkega \u00e4ra. Ma ei n\u00e4inud k\u00fcll p\u00f5hjust \u00f6elda, et ei, ma ei tea, mul vist ei ole sellise materjaliga midagi teha v\u00f5i minu lavastajateele see ei sobi. Vastupidi, ma isegi m\u00f5tlen, et kes teine, kui mitte mina,&#8221; lausus ta.<\/p>\n<p>Nimiosaline Raiko Raalik tunnistas, et Kaumanni muusika oli suur v\u00e4ljakutse. &#8220;Viisid on k\u00fcll meeldej\u00e4\u00e4vad, aga neid ei toetata orkestris v\u00e4ga h\u00e4sti. Seal on palju kihte. Kui me seda lavastusperioodi ajal klaveriga teeme, oleks selleks vaja nelja v\u00f5i viite klaverit, et seda k\u00f5ike seal m\u00e4ngida. Esimene proov orkestriga oli kaos, aga n\u00e4ete, siin me oleme ja j\u00e4\u00e4me kuidagi ellu,&#8221; kirjeldas ta.<\/p>\n<p>Raalik t\u00f5des, et emakeeles laulmine ei ole teistest keeltest kergem. &#8220;Kui sa tead alltekste ja s\u00f5nade kihilisust, siis see annab eelise, aga eesti publikule on v\u00f5ib-olla keerulisem teha. Aga ma olen saanud seda siin majas teha ja ma olen \u00f5nnelik, et Eestis tehakse ikka eestikeelseid asju ka- Alati on hea, kui saab j\u00e4lle eestikeelse klaviiri j\u00e4rele haarata,&#8221; \u00fctles solist.<\/p>\n","protected":false},"excerpt":{"rendered":"Rahvusooper Estonias esietendub reedel veriv\u00e4rske kodumaine ooper &#8220;Charon&#8221;. Surematu allilma paadimehe kujust inspireeritud ooperi libreto autor on Andrus&hellip;\n","protected":false},"author":2,"featured_media":189653,"comment_status":"","ping_status":"","sticky":false,"template":"","format":"standard","meta":{"footnotes":"","_share_on_mastodon":"0"},"categories":[16],"tags":[2345,78687,37,33,35,173,34,36,140,1789,43668,9182],"class_list":["post-189652","post","type-post","status-publish","format-standard","has-post-thumbnail","category-meelelahutus","tag-andrus-kivirahk","tag-charon","tag-ee","tag-eesti","tag-eesti-keel","tag-entertainment","tag-estonia","tag-estonian","tag-meelelahutus","tag-rahvusooper-estonia","tag-tonis-kaumann","tag-ullar-saaremae"],"share_on_mastodon":{"url":"https:\/\/pubeurope.com\/@ee\/116652969065290463","error":""},"_links":{"self":[{"href":"https:\/\/www.europesays.com\/ee\/wp-json\/wp\/v2\/posts\/189652","targetHints":{"allow":["GET"]}}],"collection":[{"href":"https:\/\/www.europesays.com\/ee\/wp-json\/wp\/v2\/posts"}],"about":[{"href":"https:\/\/www.europesays.com\/ee\/wp-json\/wp\/v2\/types\/post"}],"author":[{"embeddable":true,"href":"https:\/\/www.europesays.com\/ee\/wp-json\/wp\/v2\/users\/2"}],"replies":[{"embeddable":true,"href":"https:\/\/www.europesays.com\/ee\/wp-json\/wp\/v2\/comments?post=189652"}],"version-history":[{"count":0,"href":"https:\/\/www.europesays.com\/ee\/wp-json\/wp\/v2\/posts\/189652\/revisions"}],"wp:featuredmedia":[{"embeddable":true,"href":"https:\/\/www.europesays.com\/ee\/wp-json\/wp\/v2\/media\/189653"}],"wp:attachment":[{"href":"https:\/\/www.europesays.com\/ee\/wp-json\/wp\/v2\/media?parent=189652"}],"wp:term":[{"taxonomy":"category","embeddable":true,"href":"https:\/\/www.europesays.com\/ee\/wp-json\/wp\/v2\/categories?post=189652"},{"taxonomy":"post_tag","embeddable":true,"href":"https:\/\/www.europesays.com\/ee\/wp-json\/wp\/v2\/tags?post=189652"}],"curies":[{"name":"wp","href":"https:\/\/api.w.org\/{rel}","templated":true}]}}