{"id":189918,"date":"2026-05-28T22:32:11","date_gmt":"2026-05-28T22:32:11","guid":{"rendered":"https:\/\/www.europesays.com\/ee\/189918\/"},"modified":"2026-05-28T22:32:11","modified_gmt":"2026-05-28T22:32:11","slug":"usa-valitsus-teeb-ettevalmistusi-trumpi-fotoga-250-dollarise-rahatahe-trukkimiseks","status":"publish","type":"post","link":"https:\/\/www.europesays.com\/ee\/189918\/","title":{"rendered":"USA valitsus teeb ettevalmistusi Trumpi fotoga 250-dollarise rahat\u00e4he tr\u00fckkimiseks"},"content":{"rendered":"<p>USA f\u00f6deraalseaduse kohaselt on keelatud \u00fchegi elava presidendi kujutamine rahat\u00e4htedel, kuid Trumpi liitlased kongressis on pakkunud v\u00e4lja sellele erandi tegemise. Eelmisel aastal esitas L\u00f5una-Carolina vabariiklasest esindaja Joe Wilson seaduseeln\u00f5u, mis kohustaks riigikassat tr\u00fckkima 250-dollarilisi rahat\u00e4hti Trumpi portreega. Hetkel on eeln\u00f5u kongressis ootel ja pole mingeid t\u00f5endeid, et see vastu v\u00f5etaks.<\/p>\n<p>Rahandusminister <a rel=\"noopener nofollow\" target=\"_blank\" href=\"https:\/\/www.delfi.ee\/teema\/96867057\/scott-bessent\" tag-id=\"96867057\">Scott Bessent<\/a> \u00fctles neljap\u00e4eval Valge Maja pressikonverentsil, et tema ministeerium valmistub seaduseeln\u00f5u vastuv\u00f5tmiseks, kuid sellest hoolimata j\u00e4rgib ministeerium seadust. Ta lisas, et tema arvates ei ole midagi sobimatut selles, kui rahat\u00e4hel oleks pilt riigi 250. aastap\u00e4eval ametis olevast isikust.<\/p>\n<p>Seaduseeln\u00f5u vastuv\u00f5tmise korral oleks Trump esimene elav inimene USA dollaril p\u00e4rast 1866. aastat. Sellest olenemata v\u00f5ib plaani elluviimisel esineda ka teisi takistusi. Nimelt v\u00f5ib 250-dollarise rahat\u00e4he loomine minna vastuollu toodetavate <a rel=\"noopener nofollow\" target=\"_blank\" href=\"https:\/\/www.delfi.ee\/teema\/96905730\/paberraha\" tag-id=\"96905730\">paberraha<\/a> v\u00e4\u00e4rtusi t\u00e4psustavate seadustega, mis ei h\u00f5lma 250-dollarist rahat\u00e4hte.<\/p>\n<p>Samuti v\u00f5tab uute rahat\u00e4htede v\u00e4ljat\u00f6\u00f6tamine tavaliselt aastaid ja selles osaleb hulk asutusi. Graveerimis- ja Tr\u00fckib\u00fcroo andmetel avalikustatakse rahat\u00e4htede kujundused avalikkuse teavitamise eesm\u00e4rgil tavaliselt kuus kuni kaheksa kuud enne raha ringlusesse laskmist, kuid mitte varem, et mitte tekitada turul segadust v\u00f5i v\u00f5ltsijatele eeliseid anda. Pole selge, kas rahat\u00e4hed \u00f5nnestuks tr\u00fckkida v\u00e4lja 4. juulil toimuvaks USA 250. aastap\u00e4evaks.<\/p>\n<p>Viimase aasta jooksul on Trump korduvalt p\u00fc\u00fcdnud lisada oma nime v\u00f5i fotot rahat\u00e4htedele. M\u00e4rtsis teatas rahandusministeerium, et osana riigi 250. aastap\u00e4eva t\u00e4histamisest peaks ilmuma paberrahadele Trumpi allkiri. Oktoobris teatas ministeerium, et t\u00f6\u00f6tab Trumpi kujutisega 1-dollarise meenem\u00fcndi nimel.<\/p>\n<p>Kuidas see lugu Sind end tundma pani? Saada <a href=\"https:\/\/www.delfi.ee\/artikkel\/120587142\/usa-valitsus-teeb-ettevalmistusi-trumpi-fotoga-250-dollarise-rahatahe-trukkimiseks\/kommentaarid\" class=\"article-body-bottom__comment article-body-bottom__comment--write button button--primary button--size-auto\" rel=\"nofollow noopener\" target=\"_blank\"> Kommenteeri <\/a><a href=\"https:\/\/www.delfi.ee\/artikkel\/120587142\/usa-valitsus-teeb-ettevalmistusi-trumpi-fotoga-250-dollarise-rahatahe-trukkimiseks\/kommentaarid\" class=\"article-body-bottom__comment article-body-bottom__comment--read button button--size-auto\" rel=\"nofollow noopener\" target=\"_blank\"> Loe kommentaare <\/a><\/p>\n","protected":false},"excerpt":{"rendered":"USA f\u00f6deraalseaduse kohaselt on keelatud \u00fchegi elava presidendi kujutamine rahat\u00e4htedel, kuid Trumpi liitlased kongressis on pakkunud v\u00e4lja sellele&hellip;\n","protected":false},"author":2,"featured_media":189919,"comment_status":"","ping_status":"","sticky":false,"template":"","format":"standard","meta":{"footnotes":"","_share_on_mastodon":"0"},"categories":[80],"tags":[26,27,324,37,33,35,34,36,31,32,21,28,29,95,19,81823,25,11940,23,24,22,325,4249,20,30,92,93,94],"class_list":["post-189918","post","type-post","status-publish","format-standard","has-post-thumbnail","category-maailm","tag-breaking-news","tag-breakingnews","tag-donald-trump","tag-ee","tag-eesti","tag-eesti-keel","tag-estonia","tag-estonian","tag-featured-news","tag-featurednews","tag-headlines","tag-latest-news","tag-latestnews","tag-maailm","tag-news","tag-paberraha","tag-populaarseimad-lood","tag-scott-bessent","tag-top-stories","tag-topstories","tag-uldised-uudised","tag-usa","tag-usa-kongress","tag-uudised","tag-viimased-uudised","tag-world","tag-world-news","tag-worldnews"],"share_on_mastodon":{"url":"https:\/\/pubeurope.com\/@ee\/116654581001046417","error":""},"_links":{"self":[{"href":"https:\/\/www.europesays.com\/ee\/wp-json\/wp\/v2\/posts\/189918","targetHints":{"allow":["GET"]}}],"collection":[{"href":"https:\/\/www.europesays.com\/ee\/wp-json\/wp\/v2\/posts"}],"about":[{"href":"https:\/\/www.europesays.com\/ee\/wp-json\/wp\/v2\/types\/post"}],"author":[{"embeddable":true,"href":"https:\/\/www.europesays.com\/ee\/wp-json\/wp\/v2\/users\/2"}],"replies":[{"embeddable":true,"href":"https:\/\/www.europesays.com\/ee\/wp-json\/wp\/v2\/comments?post=189918"}],"version-history":[{"count":0,"href":"https:\/\/www.europesays.com\/ee\/wp-json\/wp\/v2\/posts\/189918\/revisions"}],"wp:featuredmedia":[{"embeddable":true,"href":"https:\/\/www.europesays.com\/ee\/wp-json\/wp\/v2\/media\/189919"}],"wp:attachment":[{"href":"https:\/\/www.europesays.com\/ee\/wp-json\/wp\/v2\/media?parent=189918"}],"wp:term":[{"taxonomy":"category","embeddable":true,"href":"https:\/\/www.europesays.com\/ee\/wp-json\/wp\/v2\/categories?post=189918"},{"taxonomy":"post_tag","embeddable":true,"href":"https:\/\/www.europesays.com\/ee\/wp-json\/wp\/v2\/tags?post=189918"}],"curies":[{"name":"wp","href":"https:\/\/api.w.org\/{rel}","templated":true}]}}